{"id":123109,"date":"2022-09-24T09:39:30","date_gmt":"2022-09-24T07:39:30","guid":{"rendered":"http:\/\/www.messinaoggi.it\/website\/?p=123109"},"modified":"2022-09-24T09:39:31","modified_gmt":"2022-09-24T07:39:31","slug":"lunedi-diretta-elettorale-su-messinaoggi","status":"publish","type":"post","link":"https:\/\/www.messinaoggi.it\/website\/2022\/09\/24\/lunedi-diretta-elettorale-su-messinaoggi\/","title":{"rendered":"Luned\u00ec: diretta elettorale su messinaoggi"},"content":{"rendered":"\n<p>Sar\u00e0 un&#8217;autentica maratona elettorale che scatter\u00e0 alla chiusura dei seggi con gli exit-poll, le proiezioni e i primi dati elettorali. Anche messinaoggi seguir\u00e0 lo spoglio grazie alla collaborazione con l&#8217;agenzia Digitrend che ha realizzato un sistema di aggiornamento continuo dei dati elettorali siciliani.<div id=\"div-gpt-ad-Messinaoggi.it-DSK-300x250-corpoart\" style=\"text-align:center;margin:0 auto;\"><\/div><\/p>\n\n\n\n<figure class=\"wp-block-image size-large\"><img loading=\"lazy\" width=\"300\" height=\"804\" src=\"http:\/\/www.messinaoggi.it\/website\/wp-content\/uploads\/2022\/09\/38576cd7-ca7e-4cda-ac8e-1262d65f4a7b-1.jpg\" alt=\"\" class=\"wp-image-123111\" srcset=\"https:\/\/www.messinaoggi.it\/website\/wp-content\/uploads\/2022\/09\/38576cd7-ca7e-4cda-ac8e-1262d65f4a7b-1.jpg 300w, https:\/\/www.messinaoggi.it\/website\/wp-content\/uploads\/2022\/09\/38576cd7-ca7e-4cda-ac8e-1262d65f4a7b-1-112x300.jpg 112w\" sizes=\"(max-width: 300px) 100vw, 300px\" \/><\/figure>\n\n\n\n<p>Sar\u00e0 un luned\u00ec intenso, al termine del quale la Regione avr\u00e0 il suo nuovo governatore. Non solo i dati di candidati alla presidenza della Regione, ma anche i voti delle liste e dei candidati.<div id=\"videoincontent\" style=\"clear:both\";><\/div><\/p>\n\n\n\n<p>Attiveremo anche finestre informative con le elezioni politiche, grazie agli aggiornamenti, dichiarazioni e notizie, dell&#8217;agenzia di stampa Italpress.<\/p>\n","protected":false},"excerpt":{"rendered":"<p>Sar\u00e0 un&#8217;autentica maratona elettorale che scatter\u00e0 alla chiusura dei seggi con gli exit-poll, le proiezioni e i primi dati elettorali. Anche messinaoggi seguir\u00e0 lo spoglio grazie alla collaborazione con l&#8217;agenzia Digitrend che ha realizzato un sistema di aggiornamento continuo dei dati elettorali siciliani. Sar\u00e0 un luned\u00ec intenso, al termine del quale la Regione avr\u00e0 il [&hellip;]<\/p>\n","protected":false},"author":2,"featured_media":123110,"comment_status":"open","ping_status":"open","sticky":false,"template":"","format":"standard","meta":{"ub_ctt_via":"","_mi_skip_tracking":false},"categories":[19],"tags":[5088,833,3858],"featured_image_src":"https:\/\/www.messinaoggi.it\/website\/wp-content\/uploads\/2022\/09\/d4db3928-e047-4ea5-939e-d57a48d16bcb.jpg","author_info":{"display_name":"Redazione","author_link":"https:\/\/www.messinaoggi.it\/website\/author\/redazione\/"},"digistream_id":0,"digistream":false,"_links":{"self":[{"href":"https:\/\/www.messinaoggi.it\/website\/wp-json\/wp\/v2\/posts\/123109"}],"collection":[{"href":"https:\/\/www.messinaoggi.it\/website\/wp-json\/wp\/v2\/posts"}],"about":[{"href":"https:\/\/www.messinaoggi.it\/website\/wp-json\/wp\/v2\/types\/post"}],"author":[{"embeddable":true,"href":"https:\/\/www.messinaoggi.it\/website\/wp-json\/wp\/v2\/users\/2"}],"replies":[{"embeddable":true,"href":"https:\/\/www.messinaoggi.it\/website\/wp-json\/wp\/v2\/comments?post=123109"}],"version-history":[{"count":1,"href":"https:\/\/www.messinaoggi.it\/website\/wp-json\/wp\/v2\/posts\/123109\/revisions"}],"predecessor-version":[{"id":123112,"href":"https:\/\/www.messinaoggi.it\/website\/wp-json\/wp\/v2\/posts\/123109\/revisions\/123112"}],"wp:featuredmedia":[{"embeddable":true,"href":"https:\/\/www.messinaoggi.it\/website\/wp-json\/wp\/v2\/media\/123110"}],"wp:attachment":[{"href":"https:\/\/www.messinaoggi.it\/website\/wp-json\/wp\/v2\/media?parent=123109"}],"wp:term":[{"taxonomy":"category","embeddable":true,"href":"https:\/\/www.messinaoggi.it\/website\/wp-json\/wp\/v2\/categories?post=123109"},{"taxonomy":"post_tag","embeddable":true,"href":"https:\/\/www.messinaoggi.it\/website\/wp-json\/wp\/v2\/tags?post=123109"}],"curies":[{"name":"wp","href":"https:\/\/api.w.org\/{rel}","templated":true}]}}