{"id":12299,"date":"2017-12-01T16:09:45","date_gmt":"2017-12-01T15:09:45","guid":{"rendered":"http:\/\/www.messinaoggi.it\/website\/?p=12299"},"modified":"2017-12-01T16:09:45","modified_gmt":"2017-12-01T15:09:45","slug":"natale-in-citta-la-delibera-degli-eventi-approda-in-giunta","status":"publish","type":"post","link":"https:\/\/www.messinaoggi.it\/website\/2017\/12\/01\/natale-in-citta-la-delibera-degli-eventi-approda-in-giunta\/","title":{"rendered":"Natale in citt\u00e0, la delibera degli eventi approda in Giunta"},"content":{"rendered":"<p style=\"text-align: justify;\">L\u2019ultimo tassello, il pi\u00f9 importante, \u00e8 stato finalmente inserito, cos\u00ec potranno definitivamente partire le iniziative per il Natale messinese 2017. La Giunta comunale si \u00e8 infatti riunita questa mattina alle 13 ed ha votato la delibera che di fatto d\u00e0 il via libera a tutte le iniziative natalizie che si svolgeranno nelle prossime settimane.<div id=\"div-gpt-ad-Messinaoggi.it-DSK-300x250-corpoart\" style=\"text-align:center;margin:0 auto;\"><\/div><\/p>\n<div id=\"attachment_9351\" style=\"width: 310px\" class=\"wp-caption alignnone\"><img aria-describedby=\"caption-attachment-9351\" loading=\"lazy\" class=\"wp-image-9351 size-medium\" src=\"http:\/\/www.messinaoggi.it\/website\/wp-content\/uploads\/2017\/10\/comm-bilancio-signorinoRRP_9924-300x200.jpg\" alt=\"\" width=\"300\" height=\"200\" \/><p id=\"caption-attachment-9351\" class=\"wp-caption-text\">L&#8217;assessore allo sviluppo economico, Guido Signorino<\/p><\/div>\n<p style=\"text-align: justify;\">C&#8217;era un p\u00f2 di timore visto che i giorni a disposizione per poter deliberare questo atto erano sempre di meno, ma anche questa corsa contro il tempo si \u00e8 conclusa nel migliore dei modi. Centro cittadino, periferie e persino il mercato Muricello, ecco tutte le zone che saranno teatro di tutte le manifestazioni che amplificheranno il clima natalizio.<div id=\"videoincontent\" style=\"clear:both\";><\/div><\/p>\n<p style=\"text-align: justify;\">Da giorno 8 dicembre via dei Mille torner\u00e0 chiusa al traffico, commercianti e associazioni di categoria svilupperanno diverse manifestazioni. Immancabile la festa dell\u2019accensione dell\u2019albero targata Confcommercio, che si \u00a0svolger\u00e0 giorno 8.<\/p>\n<p style=\"text-align: justify;\">Ma sar\u00e0 solo la prima di diverse manifestazioni che si svolgeranno a piazza Cairoli: <em>\u201cDi fatto con questo atto non vengono stanziati fondi \u2013 ha dichiarato l\u2019assessore allo Sviluppo Economico, Guido Signorino &#8211; \u00a0si concede il via libera affinch\u00e8 si facciano queste manifestazioni che sono realizzate grazie all\u2019impegno dei commercianti e delle associazioni di categoria. E\u2019 un atto necessario e l\u2019abbiamo fatto\u201d<\/em>.<\/p>\n<p style=\"text-align: justify;\">Qualche rallentamento, invece, per l\u2019installazione della ruota panoramica, punta di diamante del villaggio di Natale di Confcommercio che sorger\u00e0 a piazza Cairoli: <em>\u201cAlla riunione odierna non era presente la commissione di vigilanza, quindi la struttura non pu\u00f2 ancora sorgere. Per\u00f2 non credo che ci dovrebbero essere particolari problemi, ritengo che entro pochi giorni si definir\u00e0 il tutto\u201d<\/em>.<\/p>\n<p style=\"text-align: justify;\">Le iniziative investiranno anche le periferie e il mercato Muricello: <em>\u201cLe iniziative le ha portate avanti direttamente \u00a0l\u2019assessore Alagna, si svolgeranno molte manifestazioni tipiche con canti che rievocano direttamente la tradizione natalizia. Le iniziative del mercato Muricello dovrebbero iniziare gi\u00e0 domani, tutte sono state organizzate direttamente dai commercianti\u201d.<\/em><\/p>\n","protected":false},"excerpt":{"rendered":"<p>L\u2019ultimo tassello, il pi\u00f9 importante, \u00e8 stato finalmente inserito, cos\u00ec potranno definitivamente partire le iniziative per il Natale messinese 2017. La Giunta comunale si \u00e8 infatti riunita questa mattina alle 13 ed ha votato la delibera che di fatto d\u00e0 il via libera a tutte le iniziative natalizie che si svolgeranno nelle prossime settimane. C&#8217;era [&hellip;]<\/p>\n","protected":false},"author":1,"featured_media":12303,"comment_status":"closed","ping_status":"open","sticky":false,"template":"","format":"standard","meta":{"ub_ctt_via":"","_mi_skip_tracking":false},"categories":[6],"tags":[],"featured_image_src":"https:\/\/www.messinaoggi.it\/website\/wp-content\/uploads\/2017\/12\/1-albero-2016.jpg","author_info":{"display_name":"admin@admin.com","author_link":"https:\/\/www.messinaoggi.it\/website\/author\/adminadmin-com\/"},"digistream_id":0,"digistream":false,"_links":{"self":[{"href":"https:\/\/www.messinaoggi.it\/website\/wp-json\/wp\/v2\/posts\/12299"}],"collection":[{"href":"https:\/\/www.messinaoggi.it\/website\/wp-json\/wp\/v2\/posts"}],"about":[{"href":"https:\/\/www.messinaoggi.it\/website\/wp-json\/wp\/v2\/types\/post"}],"author":[{"embeddable":true,"href":"https:\/\/www.messinaoggi.it\/website\/wp-json\/wp\/v2\/users\/1"}],"replies":[{"embeddable":true,"href":"https:\/\/www.messinaoggi.it\/website\/wp-json\/wp\/v2\/comments?post=12299"}],"version-history":[{"count":0,"href":"https:\/\/www.messinaoggi.it\/website\/wp-json\/wp\/v2\/posts\/12299\/revisions"}],"wp:featuredmedia":[{"embeddable":true,"href":"https:\/\/www.messinaoggi.it\/website\/wp-json\/wp\/v2\/media\/12303"}],"wp:attachment":[{"href":"https:\/\/www.messinaoggi.it\/website\/wp-json\/wp\/v2\/media?parent=12299"}],"wp:term":[{"taxonomy":"category","embeddable":true,"href":"https:\/\/www.messinaoggi.it\/website\/wp-json\/wp\/v2\/categories?post=12299"},{"taxonomy":"post_tag","embeddable":true,"href":"https:\/\/www.messinaoggi.it\/website\/wp-json\/wp\/v2\/tags?post=12299"}],"curies":[{"name":"wp","href":"https:\/\/api.w.org\/{rel}","templated":true}]}}