{"id":122936,"date":"2022-09-23T16:16:40","date_gmt":"2022-09-23T14:16:40","guid":{"rendered":"http:\/\/www.messinaoggi.it\/website\/?p=122936"},"modified":"2022-09-23T16:16:42","modified_gmt":"2022-09-23T14:16:42","slug":"buzzanca-nuovamente-in-campo-per-senso-del-dovere","status":"publish","type":"post","link":"https:\/\/www.messinaoggi.it\/website\/2022\/09\/23\/buzzanca-nuovamente-in-campo-per-senso-del-dovere\/","title":{"rendered":"Buzzanca: &#8220;Nuovamente in campo per senso del dovere&#8221;"},"content":{"rendered":"\n<p>Quasi dieci anni ad osservare, dopo avere ricoperto la carica di sindaco, presidente della Provincia e deputato regionale. Adesso Peppino Buzzanca ha deciso di scendere nuovamente in pista per un seggio al Parlamento siciliano con la lista \u201cPrima l\u2019Italia\u201d. Una scelta che egli stesso spiega in questa intervista.<div id=\"div-gpt-ad-Messinaoggi.it-DSK-300x250-corpoart\" style=\"text-align:center;margin:0 auto;\"><\/div><\/p>\n\n\n\n<p><strong>Dopo cos\u00ec tanto tempo in cui ha ripreso in mano la sua professione di medico, cosa l\u2019ha spinta e scendere nuovamente in campo?<\/strong><div id=\"videoincontent\" style=\"clear:both\";><\/div><\/p>\n\n\n\n<p><em>\u201cSemplicemente il senso del dovere, perch\u00e9 grazie alla mia esperienza maturata ritengo di potermi fare interprete dei bisogni della gente e trasformarlo in proposte concrete\u201d.<\/em><\/p>\n\n\n\n<p><strong>Che risposte sta avendo dal suo elettorato, adesso che siamo in chiusura della campagna elettorale?<\/strong><\/p>\n\n\n\n<p><em>\u201cEssendo un candidato sono la persona meno indicata per risponderle, ma sicuramente posso dirle che sto riscontrando un rinnovato entusiasmo nel mio elettorato che non ho mai abbandonato. Certo, devo spiegare perch\u00e9 ho deciso di candidarmi in Prima l\u2019Italia e non in Fratelli d\u2019Italia, ma per questo devo dire che ho fatto un percorso di coerenza, perch\u00e9 la Lega non \u00e8 pi\u00f9 quella della prima ora, \u00e8 un partito completamente diverso che si \u00e8 strutturato su base nazionale. E poi, a proposito della coerenza, non ho mai tradito i miei valori di Destra, Prima l\u2019Italia \u00e8 un partito che fa parte della coalizione di centro-destra e credo che ormai si vada verso una casa unica delle Destre\u201d.<\/em><\/p>\n\n\n\n<p><strong>Di Buzzanca nella qualit\u00e0 di sindaco di Messina si pu\u00f2 dire che ha lasciato un ottimo ricordo. Basta citare lo sblocco degli svincoli, la pista ciclabile, la galleria Giostra-Annunziata. Ma la gente ricorda?<\/strong><\/p>\n\n\n\n<p><em>\u201cCerto che la gente ricorda. Sul tavolo della mia campagna elettorale non ho lanciato messaggi demagogici, come fanno altro, ho potuto parlare di quello che ho fatto da sindaco, innanzitutto, ma anche di quello che intendo fare. Messina \u00e8 una citt\u00e0 che va ricostruita e messa nelle condizioni di svilupparsi per generare ricchezza per le famiglie e i nostri figli costretti a fuggire. Non sa quanto mi rattrista il dato della disoccupazione, questo vuol dire che non c\u2019\u00e8 pi\u00f9 tempo da perdere\u201d.<\/em><\/p>\n\n\n\n<p><strong>Gli svincoli di Giostra portano impresso il nome di Peppino Buzzanca, ma la situazione del Cas \u00e8 disarmante. Lo ha detto anche il candidato presidente, Renato Schifani\u2026<\/strong><\/p>\n\n\n\n<p><em>\u201cIl Cas lo conosco bene perch\u00e9 sono stato vice-presidente e il tratto Cefal\u00f9-Palermo \u00e8 stato realizzato grazie alla mia firma perch\u00e9 all\u2019epoca il presidente era assente. Schifani ha perfettamente ragione, si deve chiedere conto e ragione a Cas e Anas perch\u00e9 le nostre non sono autostrade. Sono strade pericolose e sottoposte a continui lavori. La rete autostradale va riformata senza perdere tempo perch\u00e9 le strade sono una delle componenti dello sviluppo della nostra Regione. E poi, non sono tollerabili ulteriori rinvii per il completamento del viadotto Ritiro\u201d.<\/em><\/p>\n","protected":false},"excerpt":{"rendered":"<p>Quasi dieci anni ad osservare, dopo avere ricoperto la carica di sindaco, presidente della Provincia e deputato regionale. Adesso Peppino Buzzanca ha deciso di scendere nuovamente in pista per un seggio al Parlamento siciliano con la lista \u201cPrima l\u2019Italia\u201d. Una scelta che egli stesso spiega in questa intervista. Dopo cos\u00ec tanto tempo in cui ha [&hellip;]<\/p>\n","protected":false},"author":2,"featured_media":5096,"comment_status":"open","ping_status":"open","sticky":false,"template":"","format":"standard","meta":{"ub_ctt_via":"","_mi_skip_tracking":false},"categories":[19],"tags":[4279,2240],"featured_image_src":"https:\/\/www.messinaoggi.it\/website\/wp-content\/uploads\/2017\/07\/giuseppe-buzzanca-2.jpg","author_info":{"display_name":"Redazione","author_link":"https:\/\/www.messinaoggi.it\/website\/author\/redazione\/"},"digistream_id":0,"digistream":false,"_links":{"self":[{"href":"https:\/\/www.messinaoggi.it\/website\/wp-json\/wp\/v2\/posts\/122936"}],"collection":[{"href":"https:\/\/www.messinaoggi.it\/website\/wp-json\/wp\/v2\/posts"}],"about":[{"href":"https:\/\/www.messinaoggi.it\/website\/wp-json\/wp\/v2\/types\/post"}],"author":[{"embeddable":true,"href":"https:\/\/www.messinaoggi.it\/website\/wp-json\/wp\/v2\/users\/2"}],"replies":[{"embeddable":true,"href":"https:\/\/www.messinaoggi.it\/website\/wp-json\/wp\/v2\/comments?post=122936"}],"version-history":[{"count":1,"href":"https:\/\/www.messinaoggi.it\/website\/wp-json\/wp\/v2\/posts\/122936\/revisions"}],"predecessor-version":[{"id":122945,"href":"https:\/\/www.messinaoggi.it\/website\/wp-json\/wp\/v2\/posts\/122936\/revisions\/122945"}],"wp:featuredmedia":[{"embeddable":true,"href":"https:\/\/www.messinaoggi.it\/website\/wp-json\/wp\/v2\/media\/5096"}],"wp:attachment":[{"href":"https:\/\/www.messinaoggi.it\/website\/wp-json\/wp\/v2\/media?parent=122936"}],"wp:term":[{"taxonomy":"category","embeddable":true,"href":"https:\/\/www.messinaoggi.it\/website\/wp-json\/wp\/v2\/categories?post=122936"},{"taxonomy":"post_tag","embeddable":true,"href":"https:\/\/www.messinaoggi.it\/website\/wp-json\/wp\/v2\/tags?post=122936"}],"curies":[{"name":"wp","href":"https:\/\/api.w.org\/{rel}","templated":true}]}}