{"id":122872,"date":"2022-09-23T14:18:17","date_gmt":"2022-09-23T12:18:17","guid":{"rendered":"https:\/\/www.messinaoggi.it\/website\/2022\/09\/23\/crosetto-scontri-al-comizio-di-palermo-ordine-pubblico-non-dipende-da-fdi\/"},"modified":"2022-09-23T16:17:10","modified_gmt":"2022-09-23T14:17:10","slug":"crosetto-scontri-al-comizio-di-palermo-ordine-pubblico-non-dipende-da-fdi","status":"publish","type":"post","link":"https:\/\/www.messinaoggi.it\/website\/2022\/09\/23\/crosetto-scontri-al-comizio-di-palermo-ordine-pubblico-non-dipende-da-fdi\/","title":{"rendered":"Crosetto \u201cScontri al comizio di Palermo? Ordine pubblico non dipende da Fdi\u201d"},"content":{"rendered":"<div>\n<p>PALERMO (ITALPRESS) \u2013 \u201cLamorgese e Draghi non sono espressione di Meloni, quindi non si pu\u00f2 chiedere a me se c\u2019\u00e8 un accostamento tra quello che \u00e8 successo a Palermo e quello che potrebbe succedere sotto un governo di Centrodestra a guida Meloni\u201d. Lo ha detto il cofondatore di Fratelli d\u2019Italia, Guido Crosetto, a margine di una conferenza stampa a Palermo per la chiusura della campagna elettorale. \u201cMeloni e Fratelli d\u2019Italia gli unici all\u2019opposizione. Quello che \u00e8 successo a Palermo al comizio della Meloni quindi pu\u00f2 essere imputato a tutti tranne a noi, per cui chi critica la gestione della situazione non pu\u00f2 rivolgersi a noi \u2013 ha aggiunto riferendosi agli scontri tra manifestanti e Polizia al comizio della leader Meloni nel capoluogo siciliano \u2013 quel che \u00e8 certo e che con noi si avr\u00e0 di sicuro una gestione dell\u2019ordine pubblico pi\u00f9 seria\u201d. Per Crosetto: \u201cPer quanto riguarda il recente arresto di un candidato di Fratelli d\u2019Italia in Sicilia, si tratta di una richiesta di mesi fa con arresto che arriva a due giorni dal voto. Perch\u00e9 non 15 giorni fa o non fra due giorni, ma proprio due giorni prima? Detto questo, si prende atto delle richieste della magistratura. Sono tempistiche che mi lasciano l\u2019amaro in bocca, vorrei una giustizia che possa distaccarsi dalle vicende della politica. Fratelli d\u2019Italia ha un problema con alcuni candidati come tutti gli altri partiti \u2013 ha aggiunto \u2013 Scopri chi sono, li prendi e li metti alla porta invitandoli ad andarsene, parlo di chi faceva strani accostamenti alla Stella di David o inneggiava a Hitler\u201d.<div id=\"div-gpt-ad-Messinaoggi.it-DSK-300x250-corpoart\" style=\"text-align:center;margin:0 auto;\"><\/div><\/p>\n<p>(ITALPRESS).<div id=\"videoincontent\" style=\"clear:both\";><\/div><\/p>\n<p>-foto xd7 \u2013<\/p>\n<\/div>\n","protected":false},"excerpt":{"rendered":"<p>PALERMO (ITALPRESS) \u2013 \u201cLamorgese e Draghi non sono espressione di Meloni, quindi non si pu\u00f2 chiedere a me se c\u2019\u00e8 un accostamento tra quello che \u00e8 successo a Palermo e quello che potrebbe succedere sotto un governo di Centrodestra a guida Meloni\u201d. Lo ha detto il cofondatore di Fratelli d\u2019Italia, Guido Crosetto, a margine di [&hellip;]<\/p>\n","protected":false},"author":18,"featured_media":122873,"comment_status":"closed","ping_status":"closed","sticky":false,"template":"","format":"standard","meta":{"ub_ctt_via":"","_mi_skip_tracking":false},"categories":[4,2449],"tags":[783],"featured_image_src":"https:\/\/www.messinaoggi.it\/website\/wp-content\/uploads\/2022\/09\/Crosetto-foto-xd7.jpg","author_info":{"display_name":"Admin","author_link":"https:\/\/www.messinaoggi.it\/website\/author\/admin\/"},"digistream_id":0,"digistream":false,"_links":{"self":[{"href":"https:\/\/www.messinaoggi.it\/website\/wp-json\/wp\/v2\/posts\/122872"}],"collection":[{"href":"https:\/\/www.messinaoggi.it\/website\/wp-json\/wp\/v2\/posts"}],"about":[{"href":"https:\/\/www.messinaoggi.it\/website\/wp-json\/wp\/v2\/types\/post"}],"author":[{"embeddable":true,"href":"https:\/\/www.messinaoggi.it\/website\/wp-json\/wp\/v2\/users\/18"}],"replies":[{"embeddable":true,"href":"https:\/\/www.messinaoggi.it\/website\/wp-json\/wp\/v2\/comments?post=122872"}],"version-history":[{"count":1,"href":"https:\/\/www.messinaoggi.it\/website\/wp-json\/wp\/v2\/posts\/122872\/revisions"}],"predecessor-version":[{"id":122946,"href":"https:\/\/www.messinaoggi.it\/website\/wp-json\/wp\/v2\/posts\/122872\/revisions\/122946"}],"wp:featuredmedia":[{"embeddable":true,"href":"https:\/\/www.messinaoggi.it\/website\/wp-json\/wp\/v2\/media\/122873"}],"wp:attachment":[{"href":"https:\/\/www.messinaoggi.it\/website\/wp-json\/wp\/v2\/media?parent=122872"}],"wp:term":[{"taxonomy":"category","embeddable":true,"href":"https:\/\/www.messinaoggi.it\/website\/wp-json\/wp\/v2\/categories?post=122872"},{"taxonomy":"post_tag","embeddable":true,"href":"https:\/\/www.messinaoggi.it\/website\/wp-json\/wp\/v2\/tags?post=122872"}],"curies":[{"name":"wp","href":"https:\/\/api.w.org\/{rel}","templated":true}]}}