{"id":122853,"date":"2022-09-23T11:07:51","date_gmt":"2022-09-23T09:07:51","guid":{"rendered":"https:\/\/www.messinaoggi.it\/website\/2022\/09\/23\/sale-lincidenza-dei-casi-covid-rt-stabile\/"},"modified":"2022-09-23T16:17:28","modified_gmt":"2022-09-23T14:17:28","slug":"sale-lincidenza-dei-casi-covid-rt-stabile","status":"publish","type":"post","link":"https:\/\/www.messinaoggi.it\/website\/2022\/09\/23\/sale-lincidenza-dei-casi-covid-rt-stabile\/","title":{"rendered":"Sale l\u2019incidenza dei casi Covid, Rt stabile"},"content":{"rendered":"<div>ROMA (ITALPRESS) &#8211; Sale l&#8217;incidenza settimanale a livello nazionale dei casi Covid: 215 ogni 100.000 abitanti a fronte di 186 ogni 100.000 abitanti. E&#8217; quanto emerge dai dati del monitoraggio settimanale sull&#8217;andamento del Covid in Italia diffusi dall&#8217;Iss.<br \/>Nel periodo 31 agosto-13 settembre 2022, l&#8217;Rt medio calcolato sui casi sintomatici \u00e8 stato pari a 0,91, stabile rispetto alla settimana precedente. L&#8217;indice di trasmissibilit\u00e0 basato sui casi con ricovero ospedaliero \u00e8 in leggero aumento ma sotto la soglia epidemica. Il tasso di occupazione in terapia intensiva \u00e8 stabile all&#8217;1,4%. Il tasso di occupazione in aree mediche a livello nazionale scende al 5,3% a fronte del 5,7%.<br \/>(ITALPRESS).<br \/>-foto agenziafotogramma.it-<\/div>\n<div id=\"div-gpt-ad-Messinaoggi.it-DSK-300x250-corpoart\" style=\"text-align:center;margin:0 auto;\"><\/div><\/p><div id=\"videoincontent\" style=\"clear:both\";><\/div>","protected":false},"excerpt":{"rendered":"<p>ROMA (ITALPRESS) &#8211; Sale l&#8217;incidenza settimanale a livello nazionale dei casi Covid: 215 ogni 100.000 abitanti a fronte di 186 ogni 100.000 abitanti. E&#8217; quanto emerge dai dati del monitoraggio settimanale sull&#8217;andamento del Covid in Italia diffusi dall&#8217;Iss.Nel periodo 31 agosto-13 settembre 2022, l&#8217;Rt medio calcolato sui casi sintomatici \u00e8 stato pari a 0,91, stabile [&hellip;]<\/p>\n","protected":false},"author":18,"featured_media":122854,"comment_status":"closed","ping_status":"closed","sticky":false,"template":"","format":"standard","meta":{"ub_ctt_via":"","_mi_skip_tracking":false},"categories":[221,446],"tags":[783],"featured_image_src":"https:\/\/www.messinaoggi.it\/website\/wp-content\/uploads\/2022\/09\/20220923_0187.jpg","author_info":{"display_name":"Admin","author_link":"https:\/\/www.messinaoggi.it\/website\/author\/admin\/"},"digistream_id":0,"digistream":false,"_links":{"self":[{"href":"https:\/\/www.messinaoggi.it\/website\/wp-json\/wp\/v2\/posts\/122853"}],"collection":[{"href":"https:\/\/www.messinaoggi.it\/website\/wp-json\/wp\/v2\/posts"}],"about":[{"href":"https:\/\/www.messinaoggi.it\/website\/wp-json\/wp\/v2\/types\/post"}],"author":[{"embeddable":true,"href":"https:\/\/www.messinaoggi.it\/website\/wp-json\/wp\/v2\/users\/18"}],"replies":[{"embeddable":true,"href":"https:\/\/www.messinaoggi.it\/website\/wp-json\/wp\/v2\/comments?post=122853"}],"version-history":[{"count":1,"href":"https:\/\/www.messinaoggi.it\/website\/wp-json\/wp\/v2\/posts\/122853\/revisions"}],"predecessor-version":[{"id":122947,"href":"https:\/\/www.messinaoggi.it\/website\/wp-json\/wp\/v2\/posts\/122853\/revisions\/122947"}],"wp:featuredmedia":[{"embeddable":true,"href":"https:\/\/www.messinaoggi.it\/website\/wp-json\/wp\/v2\/media\/122854"}],"wp:attachment":[{"href":"https:\/\/www.messinaoggi.it\/website\/wp-json\/wp\/v2\/media?parent=122853"}],"wp:term":[{"taxonomy":"category","embeddable":true,"href":"https:\/\/www.messinaoggi.it\/website\/wp-json\/wp\/v2\/categories?post=122853"},{"taxonomy":"post_tag","embeddable":true,"href":"https:\/\/www.messinaoggi.it\/website\/wp-json\/wp\/v2\/tags?post=122853"}],"curies":[{"name":"wp","href":"https:\/\/api.w.org\/{rel}","templated":true}]}}