{"id":122833,"date":"2022-09-23T08:53:18","date_gmt":"2022-09-23T06:53:18","guid":{"rendered":"http:\/\/www.messinaoggi.it\/website\/?p=122833"},"modified":"2022-09-23T08:53:25","modified_gmt":"2022-09-23T06:53:25","slug":"parcheggio-interscambio-limitazioni-sul-viale-europa","status":"publish","type":"post","link":"https:\/\/www.messinaoggi.it\/website\/2022\/09\/23\/parcheggio-interscambio-limitazioni-sul-viale-europa\/","title":{"rendered":"Parcheggio interscambio, limitazioni sul viale Europa"},"content":{"rendered":"\n<p>Nell\u2019ambito dei lavori di realizzazione di nuovi parcheggi di interscambio, finalizzati al miglioramento delle funzionalit\u00e0 e della sostenibilit\u00e0 ambientale della mobilit\u00e0 urbana nel territorio comunale \u2013 Parcheggio d\u2019interscambio a raso Europa est, sono previsti dal 26 settembre 2022 al 21 maggio 2023, provvedimenti viabili, al fine di delimitare le aree di cantiere per l\u2019esecuzione dei lavori sul viale Europa, nel tratto compreso tra viale San Martino e via La Farina. Pertanto il Servizio Mobilit\u00e0 Urbana ha disposto il divieto di sosta, 0-24, con zona rimozione coatta, entrambi i lati delle due carreggiate stradali del viale Europa, nel tratto compreso tra viale San Martino e via La Farina; il divieto di transito in tutta l\u2019area centrale di viale Europa e negli stalli di sosta veicolare in adiacenza al marciapiede lato sud della carreggiata sud e lato nord della carreggiata nord, nel tratto compreso tra viale San Martino e via La Farina; l\u2019interdizione del transito pedonale nei marciapiedi di viale Europa nel tratto compreso tra viale San Martino e via La Farina; di garantire, in sicurezza, gli attraversamenti pedonali del viale Europa in corrispondenza delle rispettive intersezioni con viale S. Martino e con le vie La Farina e Ugo Bassi; l\u2019istituzione del limite massimo di velocit\u00e0 di 30 km\/h in entrambe le carreggiate stradali del tratto di viale Europa compreso tra viale San Martino e via La Farina; di realizzare nella carreggiata del viale Europa in direzione di marcia monte-mare, in corrispondenza dell\u2019intersezione con via La Farina, due corsie di preselezione e di conseguente attestamento dei veicoli, dedicando la corsia lato sud alle direzioni diritto e destra e la corsia lato nord alla direzione sinistra, provvedendo alla realizzazione della relativa idonea segnaletica stradale orizzontale; e di realizzare nella carreggiata del viale Europa in direzione di marcia mare-monte, in corrispondenza dell\u2019intersezione con viale San Martino, due corsie di preselezione e di conseguente attestamento dei veicoli, dedicando la corsia lato nord alle direzioni diritto e destra e la corsia lato sud alla direzione sinistra, provvedendo alla realizzazione della relativa idonea segnaletica stradale orizzontale.<div id=\"div-gpt-ad-Messinaoggi.it-DSK-300x250-corpoart\" style=\"text-align:center;margin:0 auto;\"><\/div><\/p>\n<div id=\"videoincontent\" style=\"clear:both\";><\/div>","protected":false},"excerpt":{"rendered":"<p>Nell\u2019ambito dei lavori di realizzazione di nuovi parcheggi di interscambio, finalizzati al miglioramento delle funzionalit\u00e0 e della sostenibilit\u00e0 ambientale della mobilit\u00e0 urbana nel territorio comunale \u2013 Parcheggio d\u2019interscambio a raso Europa est, sono previsti dal 26 settembre 2022 al 21 maggio 2023, provvedimenti viabili, al fine di delimitare le aree di cantiere per l\u2019esecuzione dei [&hellip;]<\/p>\n","protected":false},"author":4,"featured_media":19403,"comment_status":"open","ping_status":"open","sticky":false,"template":"","format":"standard","meta":{"ub_ctt_via":"","_mi_skip_tracking":false},"categories":[5],"tags":[5081],"featured_image_src":"https:\/\/www.messinaoggi.it\/website\/wp-content\/uploads\/2018\/05\/viale-europa-1.jpg","author_info":{"display_name":"redme","author_link":"https:\/\/www.messinaoggi.it\/website\/author\/redme\/"},"digistream_id":0,"digistream":false,"_links":{"self":[{"href":"https:\/\/www.messinaoggi.it\/website\/wp-json\/wp\/v2\/posts\/122833"}],"collection":[{"href":"https:\/\/www.messinaoggi.it\/website\/wp-json\/wp\/v2\/posts"}],"about":[{"href":"https:\/\/www.messinaoggi.it\/website\/wp-json\/wp\/v2\/types\/post"}],"author":[{"embeddable":true,"href":"https:\/\/www.messinaoggi.it\/website\/wp-json\/wp\/v2\/users\/4"}],"replies":[{"embeddable":true,"href":"https:\/\/www.messinaoggi.it\/website\/wp-json\/wp\/v2\/comments?post=122833"}],"version-history":[{"count":1,"href":"https:\/\/www.messinaoggi.it\/website\/wp-json\/wp\/v2\/posts\/122833\/revisions"}],"predecessor-version":[{"id":122835,"href":"https:\/\/www.messinaoggi.it\/website\/wp-json\/wp\/v2\/posts\/122833\/revisions\/122835"}],"wp:featuredmedia":[{"embeddable":true,"href":"https:\/\/www.messinaoggi.it\/website\/wp-json\/wp\/v2\/media\/19403"}],"wp:attachment":[{"href":"https:\/\/www.messinaoggi.it\/website\/wp-json\/wp\/v2\/media?parent=122833"}],"wp:term":[{"taxonomy":"category","embeddable":true,"href":"https:\/\/www.messinaoggi.it\/website\/wp-json\/wp\/v2\/categories?post=122833"},{"taxonomy":"post_tag","embeddable":true,"href":"https:\/\/www.messinaoggi.it\/website\/wp-json\/wp\/v2\/tags?post=122833"}],"curies":[{"name":"wp","href":"https:\/\/api.w.org\/{rel}","templated":true}]}}