{"id":12282,"date":"2017-12-01T11:12:00","date_gmt":"2017-12-01T10:12:00","guid":{"rendered":"http:\/\/www.messinaoggi.it\/website\/?p=12282"},"modified":"2017-12-01T11:12:00","modified_gmt":"2017-12-01T10:12:00","slug":"ivan-tripodi-tiene-a-battesimo-la-uil-giovani-messina","status":"publish","type":"post","link":"https:\/\/www.messinaoggi.it\/website\/2017\/12\/01\/ivan-tripodi-tiene-a-battesimo-la-uil-giovani-messina\/","title":{"rendered":"Ivan Tripodi tiene a battesimo la Uil Giovani Messina"},"content":{"rendered":"<p>L\u2019assemblea costituente tenutasi presso la sede Uil di viale San Martino ha sancito la nascita della Uil Giovani Messina. Grande partecipazione di ragazze e ragazzi, con una bella impronta multiculturale, per il lancio di una presenza, voluta caparbiamente dal Segretario generale UIL Messina Ivan Tripodi, che intende impegnarsi attivamente per costruire un futuro diverso e un mondo migliore. Al termine dell\u2019Assemblea \u00e8 stato eletto il Coordinamento UIL Giovani Messina che \u00e8 composto da: Alfredo Mangano (Responsabile), Andrea Giannino (Vice responsabile), Miriam Farhane (referente Pari Opportunit\u00e0), Fabrizio Manfredi (referente Scuola-Lavoro) e Tonino Salvo (referente Comunicazione). Il coordinamento giovanile della Uil ha annunciato l\u2019apertura di uno sportello giovani che sar\u00e0 attivo presso la sede di viale San Martino e si occuper\u00e0 di un tema particolarmente sentito dai giovani come l\u2019alternanza scuola-lavoro.<br \/>\n\u201c<em>Siamo raggianti \u2013 ha affermato Ivan Tripodi &#8211; per avere avuto l\u2019opportunit\u00e0 di dialogare e discutere di temi di scottante attualit\u00e0 con ragazze e ragazzi di altissimo spessore culturale e altrettanta capacit\u00e0 di analisi, i quali, convinti dai nostri limpidi ragionamenti, hanno deciso di impegnarsi attivamente nella UIL attraverso la formale costituzione della UIL Giovani Messina. Si tratta di un bellissimo risultato che ci ripaga dell\u2019enorme impegno che, in questi mesi, con grande abnegazione e spirito di servizio stiamo portando avanti per il rilancio e il rinnovamento della UIL messinese<\/em>\u201d.<div id=\"div-gpt-ad-Messinaoggi.it-DSK-300x250-corpoart\" style=\"text-align:center;margin:0 auto;\"><\/div><\/p>\n<div id=\"videoincontent\" style=\"clear:both\";><\/div>","protected":false},"excerpt":{"rendered":"<p>L\u2019assemblea costituente tenutasi presso la sede Uil di viale San Martino ha sancito la nascita della Uil Giovani Messina. Grande partecipazione di ragazze e ragazzi, con una bella impronta multiculturale, per il lancio di una presenza, voluta caparbiamente dal Segretario generale UIL Messina Ivan Tripodi, che intende impegnarsi attivamente per costruire un futuro diverso e [&hellip;]<\/p>\n","protected":false},"author":2,"featured_media":12283,"comment_status":"closed","ping_status":"open","sticky":false,"template":"","format":"standard","meta":{"ub_ctt_via":"","_mi_skip_tracking":false},"categories":[5],"tags":[],"featured_image_src":"https:\/\/www.messinaoggi.it\/website\/wp-content\/uploads\/2017\/12\/Uil-Giovani.jpg","author_info":{"display_name":"Redazione","author_link":"https:\/\/www.messinaoggi.it\/website\/author\/redazione\/"},"digistream_id":0,"digistream":false,"_links":{"self":[{"href":"https:\/\/www.messinaoggi.it\/website\/wp-json\/wp\/v2\/posts\/12282"}],"collection":[{"href":"https:\/\/www.messinaoggi.it\/website\/wp-json\/wp\/v2\/posts"}],"about":[{"href":"https:\/\/www.messinaoggi.it\/website\/wp-json\/wp\/v2\/types\/post"}],"author":[{"embeddable":true,"href":"https:\/\/www.messinaoggi.it\/website\/wp-json\/wp\/v2\/users\/2"}],"replies":[{"embeddable":true,"href":"https:\/\/www.messinaoggi.it\/website\/wp-json\/wp\/v2\/comments?post=12282"}],"version-history":[{"count":0,"href":"https:\/\/www.messinaoggi.it\/website\/wp-json\/wp\/v2\/posts\/12282\/revisions"}],"wp:featuredmedia":[{"embeddable":true,"href":"https:\/\/www.messinaoggi.it\/website\/wp-json\/wp\/v2\/media\/12283"}],"wp:attachment":[{"href":"https:\/\/www.messinaoggi.it\/website\/wp-json\/wp\/v2\/media?parent=12282"}],"wp:term":[{"taxonomy":"category","embeddable":true,"href":"https:\/\/www.messinaoggi.it\/website\/wp-json\/wp\/v2\/categories?post=12282"},{"taxonomy":"post_tag","embeddable":true,"href":"https:\/\/www.messinaoggi.it\/website\/wp-json\/wp\/v2\/tags?post=12282"}],"curies":[{"name":"wp","href":"https:\/\/api.w.org\/{rel}","templated":true}]}}