{"id":122811,"date":"2022-09-22T22:32:50","date_gmt":"2022-09-22T20:32:50","guid":{"rendered":"https:\/\/www.messinaoggi.it\/website\/2022\/09\/22\/letta-la-sicilia-merita-caterina-chinnici-e-non-la-destra\/"},"modified":"2022-09-22T22:32:50","modified_gmt":"2022-09-22T20:32:50","slug":"letta-la-sicilia-merita-caterina-chinnici-e-non-la-destra","status":"publish","type":"post","link":"https:\/\/www.messinaoggi.it\/website\/2022\/09\/22\/letta-la-sicilia-merita-caterina-chinnici-e-non-la-destra\/","title":{"rendered":"Letta \u201cLa Sicilia merita Caterina Chinnici e non la destra\u201d"},"content":{"rendered":"<div>\n<p>PALERMO (ITALPRESS) \u2013 \u201cIl nostro impegno \u00e8 fare vincere Caterina Chinnici e darle la possibilit\u00e0 di cambiare questa Regione. La Sicilia ha bisogno di un cambiamento radicale, ha bisogno di competenza, di onest\u00e0 e di unit\u00e0. Sono venuto a Palermo per dare l\u2019impulso finale, la Sicilia merita un presidente come Chinnici e non la destra\u201d. Cos\u00ec il segretario del Pd, Enrico Letta, a Palermo, a margine di una iniziativa elettorale, assieme alla candidata del centrosinistra alla Presidenza della Regione siciliana, Caterina Chinnici.<br \/>\u201cNoi puntiamo a vincere e ad avere la maggioranza. Il fatto stesso che io sia venuto stasera a Palermo, a chiudere la campagna elettorale qui, \u00e8 la dimostrazione di quanto crediamo nella Sicilia e nella candidatura di Caterina Chinnici\u201d, sottolinea.<br \/>Foto xd8 Italpress<br \/>(ITALPRESS).<div id=\"div-gpt-ad-Messinaoggi.it-DSK-300x250-corpoart\" style=\"text-align:center;margin:0 auto;\"><\/div><\/p>\n<\/div>\n<div id=\"videoincontent\" style=\"clear:both\";><\/div>","protected":false},"excerpt":{"rendered":"<p>PALERMO (ITALPRESS) \u2013 \u201cIl nostro impegno \u00e8 fare vincere Caterina Chinnici e darle la possibilit\u00e0 di cambiare questa Regione. La Sicilia ha bisogno di un cambiamento radicale, ha bisogno di competenza, di onest\u00e0 e di unit\u00e0. Sono venuto a Palermo per dare l\u2019impulso finale, la Sicilia merita un presidente come Chinnici e non la destra\u201d. [&hellip;]<\/p>\n","protected":false},"author":18,"featured_media":122812,"comment_status":"closed","ping_status":"closed","sticky":false,"template":"","format":"standard","meta":{"ub_ctt_via":"","_mi_skip_tracking":false},"categories":[2449],"tags":[783],"featured_image_src":"https:\/\/www.messinaoggi.it\/website\/wp-content\/uploads\/2022\/09\/20220922_2565.jpg","author_info":{"display_name":"Admin","author_link":"https:\/\/www.messinaoggi.it\/website\/author\/admin\/"},"digistream_id":0,"digistream":false,"_links":{"self":[{"href":"https:\/\/www.messinaoggi.it\/website\/wp-json\/wp\/v2\/posts\/122811"}],"collection":[{"href":"https:\/\/www.messinaoggi.it\/website\/wp-json\/wp\/v2\/posts"}],"about":[{"href":"https:\/\/www.messinaoggi.it\/website\/wp-json\/wp\/v2\/types\/post"}],"author":[{"embeddable":true,"href":"https:\/\/www.messinaoggi.it\/website\/wp-json\/wp\/v2\/users\/18"}],"replies":[{"embeddable":true,"href":"https:\/\/www.messinaoggi.it\/website\/wp-json\/wp\/v2\/comments?post=122811"}],"version-history":[{"count":0,"href":"https:\/\/www.messinaoggi.it\/website\/wp-json\/wp\/v2\/posts\/122811\/revisions"}],"wp:featuredmedia":[{"embeddable":true,"href":"https:\/\/www.messinaoggi.it\/website\/wp-json\/wp\/v2\/media\/122812"}],"wp:attachment":[{"href":"https:\/\/www.messinaoggi.it\/website\/wp-json\/wp\/v2\/media?parent=122811"}],"wp:term":[{"taxonomy":"category","embeddable":true,"href":"https:\/\/www.messinaoggi.it\/website\/wp-json\/wp\/v2\/categories?post=122811"},{"taxonomy":"post_tag","embeddable":true,"href":"https:\/\/www.messinaoggi.it\/website\/wp-json\/wp\/v2\/tags?post=122811"}],"curies":[{"name":"wp","href":"https:\/\/api.w.org\/{rel}","templated":true}]}}