{"id":122667,"date":"2022-09-22T09:47:50","date_gmt":"2022-09-22T07:47:50","guid":{"rendered":"https:\/\/www.messinaoggi.it\/website\/2022\/09\/22\/elezioni-minardo-si-ai-termovalorizzatori-in-sicilia-ponte-priorita\/"},"modified":"2022-09-22T10:24:46","modified_gmt":"2022-09-22T08:24:46","slug":"elezioni-minardo-si-ai-termovalorizzatori-in-sicilia-ponte-priorita","status":"publish","type":"post","link":"https:\/\/www.messinaoggi.it\/website\/2022\/09\/22\/elezioni-minardo-si-ai-termovalorizzatori-in-sicilia-ponte-priorita\/","title":{"rendered":"Elezioni, Minardo \u201cS\u00ec ai termovalorizzatori in Sicilia, Ponte priorit\u00e0\u201d"},"content":{"rendered":"<div>\n<p>PALERMO (ITALPRESS) \u2013 \u201cI siciliani pagano una tassa sui rifiuti che \u00e8 tra le pi\u00f9 alte d\u2019Italia e, anche nel rispetto di un territorio cos\u00ec bello, del nostro ambiente, di un settore come quello turistico che traina in maniera importante la nostra economia, credo che avere una Sicilia pi\u00f9 pulita e soprattutto sgravare i siciliani di costi cos\u00ec importanti sia fondamentale\u201d. Lo ha detto Nino Minardo, segretario regionale della Lega in Sicilia, in un\u2019intervista all\u2019Italpress. Per Minardo la situazione nella regione \u201cnon \u00e8 pi\u00f9 accettabile\u201d. \u201cCome Lega, negli ultimi due anni \u2013 ha evidenziato -, abbiamo pi\u00f9 volte insistito e siamo intervenuti con forza chiedendo alla Regione di far partire le procedure per la realizzazione dei termovalorizzatori in Sicilia\u201d.<br \/>\u201cDiciamo s\u00ec ai termovalorizzatori \u2013 ha aggiunto \u2013 e spero che col nuovo governo regionale si faccia in fretta e si recuperi il tempo perso per avere una Sicilia competitiva e al passo con i tempi e soprattutto per alleggerire i siciliani di un costo che \u00e8 veramente assurdo\u201d.<br \/>Nei giorni scorsi, con il candidato del centrodestra alla presidenza della Regione Siciliana, Renato Schifani, si \u00e8 svolto un tour per visitare il Ragusano, con particolare attenzione ai settori agricolo, avicolo e caseario. \u201cAbbiamo scelto con Renato Schifani \u2013 ha spiegato Minardo \u2013 di andare direttamente a visitare le attivit\u00e0 produttive di questo territorio perch\u00e8 ci teniamo a toccare con mano e a capire quali sono le reali esigenze, ma soprattutto per far rendere conto il nostro candidato di qual \u00e8 la potenzialit\u00e0 economica di un territorio vivace come quello ragusano. Questa da sempre \u2013 ha continuato \u2013 \u00e8 l\u2019isola nell\u2019isola e da un punto di vista economico \u00e8 il territorio che traina parecchio l\u2019economia regionale, soprattutto in alcuni settori, a partire di quello agricolo. Abbiamo visitato \u2013 ha ricordato il segretario della Lega in Sicilia \u2013 il polo avicolo modicano, che \u00e8 un\u2019assoluta eccellenza del territorio ma soprattutto non \u00e8 secondo a nessuno nel meridione d\u2019Italia e nel Paese \u00e8 secondo solo al polo di Veneto ed Emilia-Romagna\u201d. <br \/>\u201cParliamo di una realt\u00e0 \u2013 ha proseguito \u2013 che soddisfa il 75% del fabbisogno regionale. Lo stesso vale per il mercato ortofrutticolo di Vittoria. E\u2019 un\u2019eccellenza ed \u00e8 il primo mercato ortofrutticolo italiano, per\u00f2 ha grosse difficolt\u00e0 infrastrutturali. Abbiamo discusso di interventi necessari e rinviati da ben otto anni da parte della Regione, che \u00e8 proprietaria di quel mercato, e il presidente Renato Schifani si \u00e8 impegnato ad affrontare immediatamente le esigenze di carattere strutturale necessarie per un miglior svolgimento delle attivit\u00e0 di tutti i concessionari e le aziende che ruotano attorno a un indotto importante. Lo stesso \u00e8 avvenuto \u2013 ha aggiunto \u2013 al polo avicolo, dove gli imprenditori hanno affrontato tutti i temi riguardanti le opportunit\u00e0 economiche che, attraverso la Regione, si possono dare a questo settore ma soprattutto i problemi di carattere nazionale per i quali la Regione dovr\u00e0 svolgere una grande attivit\u00e0 assieme al governo nazionale, dal caro energia a tutte le difficolt\u00e0 che sono arrivate con la pandemia e poi con le conseguenze della guerra\u201d. <br \/>\u201cAbbiamo avuto anche un confronto con sanitari, medici e ausiliari della sanit\u00e0 pubblica locale \u2013 ha poi sottolineato Minardo \u2013 e la mia proposta di qualche mese fa, rilanciata in questi giorni, di costruire un nuovo ospedale a Modica per il comprensorio che racchiude parte della provincia di Ragusa e anche di Siracusa \u00e8 stata prontamente accettata con un impegno formale da parte del presidente Schifani\u201d.<br \/>Manca pochissimo al voto del 25 settembre. Secondo il segretario regionale della Lega, in caso di vittoria del centrodestra a livello nazionale, il Ponte sullo Stretto torner\u00e0 a essere una priorit\u00e0. \u201cMatteo Salvini \u2013 ha detto Minardo \u2013 ha chiesto e ottenuto che il Ponte sullo Stretto fosse inserito tra i primi punti del programma nazionale del centrodestra in tema di infrastrutture. Ha anche pi\u00f9 volte annunciato \u2013 ha continuato \u2013 di volerlo portare al primo Consiglio dei ministri di un governo di centrodestra\u201d. <br \/>\u201cPer noi \u2013 ha spiegato \u2013 \u00e8 un\u2019assoluta priorit\u00e0 perch\u00e8 non solo dar\u00e0 grandi possibilit\u00e0 occupazionali gi\u00e0 nella fase della sua costruzione, ma soprattutto diventer\u00e0 finalmente quell\u2019infrastruttura che verranno a visitare da tutto il mondo e che collegher\u00e0 la Sicilia al resto del mondo. E\u2019 chiaro \u2013 ha aggiunto \u2013 che al ponte sullo Stretto all\u2019interno della nostra regione dovranno seguire contestualmente interventi importanti sul piano infrastrutturale, sulle strade e sulle ferrovie, perch\u00e8 finalmente anche la Sicilia, come il resto d\u2019Italia, possa veramente viaggiare con l\u2019alta velocit\u00e0\u201d.<div id=\"div-gpt-ad-Messinaoggi.it-DSK-300x250-corpoart\" style=\"text-align:center;margin:0 auto;\"><\/div><\/p>\n<p>\u2013 foto Italpress \u2013<br \/>(ITALPRESS).<div id=\"videoincontent\" style=\"clear:both\";><\/div><\/p>\n<\/div>\n","protected":false},"excerpt":{"rendered":"<p>PALERMO (ITALPRESS) \u2013 \u201cI siciliani pagano una tassa sui rifiuti che \u00e8 tra le pi\u00f9 alte d\u2019Italia e, anche nel rispetto di un territorio cos\u00ec bello, del nostro ambiente, di un settore come quello turistico che traina in maniera importante la nostra economia, credo che avere una Sicilia pi\u00f9 pulita e soprattutto sgravare i siciliani [&hellip;]<\/p>\n","protected":false},"author":18,"featured_media":122668,"comment_status":"closed","ping_status":"closed","sticky":false,"template":"","format":"standard","meta":{"ub_ctt_via":"","_mi_skip_tracking":false},"categories":[11,2449],"tags":[783],"featured_image_src":"https:\/\/www.messinaoggi.it\/website\/wp-content\/uploads\/2022\/09\/20220922_0169.jpg","author_info":{"display_name":"Admin","author_link":"https:\/\/www.messinaoggi.it\/website\/author\/admin\/"},"digistream_id":0,"digistream":false,"_links":{"self":[{"href":"https:\/\/www.messinaoggi.it\/website\/wp-json\/wp\/v2\/posts\/122667"}],"collection":[{"href":"https:\/\/www.messinaoggi.it\/website\/wp-json\/wp\/v2\/posts"}],"about":[{"href":"https:\/\/www.messinaoggi.it\/website\/wp-json\/wp\/v2\/types\/post"}],"author":[{"embeddable":true,"href":"https:\/\/www.messinaoggi.it\/website\/wp-json\/wp\/v2\/users\/18"}],"replies":[{"embeddable":true,"href":"https:\/\/www.messinaoggi.it\/website\/wp-json\/wp\/v2\/comments?post=122667"}],"version-history":[{"count":1,"href":"https:\/\/www.messinaoggi.it\/website\/wp-json\/wp\/v2\/posts\/122667\/revisions"}],"predecessor-version":[{"id":122675,"href":"https:\/\/www.messinaoggi.it\/website\/wp-json\/wp\/v2\/posts\/122667\/revisions\/122675"}],"wp:featuredmedia":[{"embeddable":true,"href":"https:\/\/www.messinaoggi.it\/website\/wp-json\/wp\/v2\/media\/122668"}],"wp:attachment":[{"href":"https:\/\/www.messinaoggi.it\/website\/wp-json\/wp\/v2\/media?parent=122667"}],"wp:term":[{"taxonomy":"category","embeddable":true,"href":"https:\/\/www.messinaoggi.it\/website\/wp-json\/wp\/v2\/categories?post=122667"},{"taxonomy":"post_tag","embeddable":true,"href":"https:\/\/www.messinaoggi.it\/website\/wp-json\/wp\/v2\/tags?post=122667"}],"curies":[{"name":"wp","href":"https:\/\/api.w.org\/{rel}","templated":true}]}}