{"id":12265,"date":"2017-12-01T10:03:44","date_gmt":"2017-12-01T09:03:44","guid":{"rendered":"http:\/\/www.messinaoggi.it\/website\/?p=12265"},"modified":"2017-12-01T10:03:44","modified_gmt":"2017-12-01T09:03:44","slug":"scuola-elementare-vittorino-da-feltre-trasferta-palermitana-per-i-finanziamenti","status":"publish","type":"post","link":"https:\/\/www.messinaoggi.it\/website\/2017\/12\/01\/scuola-elementare-vittorino-da-feltre-trasferta-palermitana-per-i-finanziamenti\/","title":{"rendered":"Scuola elementare &quot;Vittorino da Feltre&quot;, trasferta palermitana per i finanziamenti"},"content":{"rendered":"<p>Una task force di Palazzo dei Giurati \u00e8 attesa a Palermo per riavviare l&#8217;iter relativo al finanziamento della scuola elementare &#8220;Vittorino da Feltre&#8221;.<br \/>\n&#8220;Siamo stati convocati ufficialmente &#8211; ha detto, Andrea Raneri, vice sindaco che dispone della delega al Patrimonio &#8211; l&#8217;idea \u00e8 di far ripartire l&#8217;iter per la riqualificazione complessiva di una struttura necessaria al sistema scolastico. Si tratta di ripartire grazie ad in finanziamento da quasi un milione ed 800mila euro&#8221;.<br \/>\n\u00c8 questo l&#8217;effetto di una riprogrammazione regionale che riguarda l&#8217;edilizia scolastica. Assieme a Raneri \u00e8 atteso nella capitale siciliana il dirigente ai Lavori pubblici, Massimo Puglisi. Ci si dovr\u00e0 confrontare con i tecnici dell&#8217;assessorato regionale all&#8217;Istruzione. Com&#8217;\u00e8 noto, il Comune di Taormina aveva inviato all&#8217;assessorato le schede di rilevazione relative allo stato di avanzamento degli interventi selezionati nell&#8217;ambito dell&#8217;avviso pubblico.<div id=\"div-gpt-ad-Messinaoggi.it-DSK-300x250-corpoart\" style=\"text-align:center;margin:0 auto;\"><\/div><\/p>\n<div id=\"videoincontent\" style=\"clear:both\";><\/div>","protected":false},"excerpt":{"rendered":"<p>Una task force di Palazzo dei Giurati \u00e8 attesa a Palermo per riavviare l&#8217;iter relativo al finanziamento della scuola elementare &#8220;Vittorino da Feltre&#8221;. &#8220;Siamo stati convocati ufficialmente &#8211; ha detto, Andrea Raneri, vice sindaco che dispone della delega al Patrimonio &#8211; l&#8217;idea \u00e8 di far ripartire l&#8217;iter per la riqualificazione complessiva di una struttura necessaria [&hellip;]<\/p>\n","protected":false},"author":2,"featured_media":12267,"comment_status":"closed","ping_status":"open","sticky":false,"template":"","format":"standard","meta":{"ub_ctt_via":"","_mi_skip_tracking":false},"categories":[3],"tags":[],"featured_image_src":"https:\/\/www.messinaoggi.it\/website\/wp-content\/uploads\/2017\/12\/andrea-raneri.jpg","author_info":{"display_name":"Redazione","author_link":"https:\/\/www.messinaoggi.it\/website\/author\/redazione\/"},"digistream_id":0,"digistream":false,"_links":{"self":[{"href":"https:\/\/www.messinaoggi.it\/website\/wp-json\/wp\/v2\/posts\/12265"}],"collection":[{"href":"https:\/\/www.messinaoggi.it\/website\/wp-json\/wp\/v2\/posts"}],"about":[{"href":"https:\/\/www.messinaoggi.it\/website\/wp-json\/wp\/v2\/types\/post"}],"author":[{"embeddable":true,"href":"https:\/\/www.messinaoggi.it\/website\/wp-json\/wp\/v2\/users\/2"}],"replies":[{"embeddable":true,"href":"https:\/\/www.messinaoggi.it\/website\/wp-json\/wp\/v2\/comments?post=12265"}],"version-history":[{"count":0,"href":"https:\/\/www.messinaoggi.it\/website\/wp-json\/wp\/v2\/posts\/12265\/revisions"}],"wp:featuredmedia":[{"embeddable":true,"href":"https:\/\/www.messinaoggi.it\/website\/wp-json\/wp\/v2\/media\/12267"}],"wp:attachment":[{"href":"https:\/\/www.messinaoggi.it\/website\/wp-json\/wp\/v2\/media?parent=12265"}],"wp:term":[{"taxonomy":"category","embeddable":true,"href":"https:\/\/www.messinaoggi.it\/website\/wp-json\/wp\/v2\/categories?post=12265"},{"taxonomy":"post_tag","embeddable":true,"href":"https:\/\/www.messinaoggi.it\/website\/wp-json\/wp\/v2\/tags?post=12265"}],"curies":[{"name":"wp","href":"https:\/\/api.w.org\/{rel}","templated":true}]}}