{"id":122548,"date":"2022-09-21T13:02:51","date_gmt":"2022-09-21T11:02:51","guid":{"rendered":"https:\/\/www.messinaoggi.it\/website\/2022\/09\/21\/schifani-terro-per-me-la-delega-sulle-isole\/"},"modified":"2022-09-21T13:02:51","modified_gmt":"2022-09-21T11:02:51","slug":"schifani-terro-per-me-la-delega-sulle-isole","status":"publish","type":"post","link":"https:\/\/www.messinaoggi.it\/website\/2022\/09\/21\/schifani-terro-per-me-la-delega-sulle-isole\/","title":{"rendered":"Schifani \u201cTerr\u00f2 per me la delega sulle isole\u201d"},"content":{"rendered":"<div>\n<p>PALERMO (ITALPRESS) \u2013 \u201cTerr\u00f2 per me la delega sulle nostre isole affinch\u00e8 i cittadini che le abitano possano essere tutelati al massimo sia sotto il profilo della carenza di personale sanitario e delle strumentazioni che sul fronte dei trasporti e dei collegamenti diretti che risultano insufficienti e non sempre corrispondenti ai reali bisogni della popolazione residente\u201d. Lo ha annunciato il presidente Renato Schifani, candidato della coalizione di centrodestra alla Presidenza della Regione, in una intervista a \u2018Talk Sicili\u00e0 la trasmissione che andr\u00e0 in onda domani alle ore 15. \u201cMe ne occuper\u00f2 personalmente \u2013 ha sottolineato \u2013 \u00e8 una responsabilit\u00e0 che voglio assumere direttamente. Dobbiamo rafforzare la sanit\u00e0 delle nostre isole garantendo il diritto alla salute dei cittadini che non possono essere considerati di serie b, troppo spesso costretti a spostarsi con le famiglie per raggiungere i presidi delle citt\u00e0 capoluogo per avere la garanzia e la efficienza delle cure e dei servizi\u201d. \u201cInoltre \u2013 ha proseguito \u2013 mi batter\u00f2 a Roma con convinzione per attuare le norme sul principio di insularit\u00e0 con misure comparative sul costo dei trasporti per i siciliani, a maggior ragione per coloro che abitano le nostre meravigliose isole, due volte penalizzati\u201d, ha concluso Schifani.<br \/>foto Italpress<br \/>(ITALPRESS).<div id=\"div-gpt-ad-Messinaoggi.it-DSK-300x250-corpoart\" style=\"text-align:center;margin:0 auto;\"><\/div><\/p>\n<\/div>\n<div id=\"videoincontent\" style=\"clear:both\";><\/div>","protected":false},"excerpt":{"rendered":"<p>PALERMO (ITALPRESS) \u2013 \u201cTerr\u00f2 per me la delega sulle nostre isole affinch\u00e8 i cittadini che le abitano possano essere tutelati al massimo sia sotto il profilo della carenza di personale sanitario e delle strumentazioni che sul fronte dei trasporti e dei collegamenti diretti che risultano insufficienti e non sempre corrispondenti ai reali bisogni della popolazione [&hellip;]<\/p>\n","protected":false},"author":18,"featured_media":122549,"comment_status":"closed","ping_status":"closed","sticky":false,"template":"","format":"standard","meta":{"ub_ctt_via":"","_mi_skip_tracking":false},"categories":[2449],"tags":[783],"featured_image_src":"https:\/\/www.messinaoggi.it\/website\/wp-content\/uploads\/2022\/09\/20220921_0503.jpg","author_info":{"display_name":"Admin","author_link":"https:\/\/www.messinaoggi.it\/website\/author\/admin\/"},"digistream_id":0,"digistream":false,"_links":{"self":[{"href":"https:\/\/www.messinaoggi.it\/website\/wp-json\/wp\/v2\/posts\/122548"}],"collection":[{"href":"https:\/\/www.messinaoggi.it\/website\/wp-json\/wp\/v2\/posts"}],"about":[{"href":"https:\/\/www.messinaoggi.it\/website\/wp-json\/wp\/v2\/types\/post"}],"author":[{"embeddable":true,"href":"https:\/\/www.messinaoggi.it\/website\/wp-json\/wp\/v2\/users\/18"}],"replies":[{"embeddable":true,"href":"https:\/\/www.messinaoggi.it\/website\/wp-json\/wp\/v2\/comments?post=122548"}],"version-history":[{"count":0,"href":"https:\/\/www.messinaoggi.it\/website\/wp-json\/wp\/v2\/posts\/122548\/revisions"}],"wp:featuredmedia":[{"embeddable":true,"href":"https:\/\/www.messinaoggi.it\/website\/wp-json\/wp\/v2\/media\/122549"}],"wp:attachment":[{"href":"https:\/\/www.messinaoggi.it\/website\/wp-json\/wp\/v2\/media?parent=122548"}],"wp:term":[{"taxonomy":"category","embeddable":true,"href":"https:\/\/www.messinaoggi.it\/website\/wp-json\/wp\/v2\/categories?post=122548"},{"taxonomy":"post_tag","embeddable":true,"href":"https:\/\/www.messinaoggi.it\/website\/wp-json\/wp\/v2\/tags?post=122548"}],"curies":[{"name":"wp","href":"https:\/\/api.w.org\/{rel}","templated":true}]}}