{"id":122423,"date":"2022-09-20T16:48:19","date_gmt":"2022-09-20T14:48:19","guid":{"rendered":"https:\/\/www.messinaoggi.it\/website\/2022\/09\/20\/milano-cortina-malago-non-ce-da-perdere-piu-tempo\/"},"modified":"2022-09-20T16:48:19","modified_gmt":"2022-09-20T14:48:19","slug":"milano-cortina-malago-non-ce-da-perdere-piu-tempo","status":"publish","type":"post","link":"https:\/\/www.messinaoggi.it\/website\/2022\/09\/20\/milano-cortina-malago-non-ce-da-perdere-piu-tempo\/","title":{"rendered":"Milano-Cortina, Malag\u00f2 &#8220;Non c&#8217;\u00e8 da perdere pi\u00f9 tempo&#8221;"},"content":{"rendered":"<div id=\"div-gpt-ad-Messinaoggi.it-DSK-300x250-corpoart\" style=\"text-align:center;margin:0 auto;\"><\/div><\/p><div id=\"videoincontent\" style=\"clear:both\";><\/div>","protected":false},"excerpt":{"rendered":"","protected":false},"author":16,"featured_media":122425,"comment_status":"open","ping_status":"open","sticky":false,"template":"","format":"standard","meta":{"ub_ctt_via":"","_mi_skip_tracking":false},"categories":[784,785],"tags":[783],"featured_image_src":"https:\/\/www.messinaoggi.it\/website\/wp-content\/uploads\/2022\/09\/lx6j.jpg","author_info":{"display_name":"Red Messina","author_link":"https:\/\/www.messinaoggi.it\/website\/author\/red-messina\/"},"digistream_id":0,"digistream":false,"_links":{"self":[{"href":"https:\/\/www.messinaoggi.it\/website\/wp-json\/wp\/v2\/posts\/122423"}],"collection":[{"href":"https:\/\/www.messinaoggi.it\/website\/wp-json\/wp\/v2\/posts"}],"about":[{"href":"https:\/\/www.messinaoggi.it\/website\/wp-json\/wp\/v2\/types\/post"}],"author":[{"embeddable":true,"href":"https:\/\/www.messinaoggi.it\/website\/wp-json\/wp\/v2\/users\/16"}],"replies":[{"embeddable":true,"href":"https:\/\/www.messinaoggi.it\/website\/wp-json\/wp\/v2\/comments?post=122423"}],"version-history":[{"count":0,"href":"https:\/\/www.messinaoggi.it\/website\/wp-json\/wp\/v2\/posts\/122423\/revisions"}],"wp:featuredmedia":[{"embeddable":true,"href":"https:\/\/www.messinaoggi.it\/website\/wp-json\/wp\/v2\/media\/122425"}],"wp:attachment":[{"href":"https:\/\/www.messinaoggi.it\/website\/wp-json\/wp\/v2\/media?parent=122423"}],"wp:term":[{"taxonomy":"category","embeddable":true,"href":"https:\/\/www.messinaoggi.it\/website\/wp-json\/wp\/v2\/categories?post=122423"},{"taxonomy":"post_tag","embeddable":true,"href":"https:\/\/www.messinaoggi.it\/website\/wp-json\/wp\/v2\/tags?post=122423"}],"curies":[{"name":"wp","href":"https:\/\/api.w.org\/{rel}","templated":true}]}}