{"id":122235,"date":"2022-09-19T14:17:51","date_gmt":"2022-09-19T12:17:51","guid":{"rendered":"https:\/\/www.messinaoggi.it\/website\/2022\/09\/19\/scuola-sindaco-palermo-auspico-che-nuovo-anno-possa-segnare-un-ritorno-alla-normalita\/"},"modified":"2022-09-19T14:17:51","modified_gmt":"2022-09-19T12:17:51","slug":"scuola-sindaco-palermo-auspico-che-nuovo-anno-possa-segnare-un-ritorno-alla-normalita","status":"publish","type":"post","link":"https:\/\/www.messinaoggi.it\/website\/2022\/09\/19\/scuola-sindaco-palermo-auspico-che-nuovo-anno-possa-segnare-un-ritorno-alla-normalita\/","title":{"rendered":"Scuola, Sindaco Palermo \u201cAuspico che nuovo anno possa segnare un ritorno alla normalit\u00e0\u201d"},"content":{"rendered":"<div>\n<p>PALERMO (ITALPRESS) \u2013 Il sindaco di Palermo, Roberto Lagalla, e l\u2019assessore alla scuola, Aristide Tamajo, stamane, hanno portato il loro saluto agli studenti dell\u2019Istituto comprensivo Carol Wojtyla -Arenella per l\u2019avvio del nuovo anno scolastico.<br \/>\u00abOggi tutti gli studenti hanno fatto il loro rientro in classe e dopo anni pieni di difficolt\u00e0, a causa dell\u2019emergenza sanitaria, mi auguro che questo nuovo anno scolastico possa segnare un ritorno alla normalit\u00e0, nella consapevolezza che saranno comunque numerose le sfide con cui dovremo confrontarci. Garantire ambienti sicuri e funzionali all\u2019attivit\u00e0 didattica, servizi adeguati alle esigenze di studenti e famiglie, promuovere azioni contro la povert\u00e0 educativa e supportare la qualit\u00e0 dei percorsi formativi rappresentano obiettivi imprescindibili per questa nuova amministrazione comunale. La scuola sar\u00e0 al centro del progetto di crescita e di sviluppo economico e sociale della citt\u00e0 di Palermo\u00bb, ha dichiarato il sindaco Lagalla.<br \/>\u00abQuesta nuova amministrazione comunale fin da subito ha mostrato particolare attenzione verso le emergenze della scuola. Per garantire un ritorno tra i banchi sereno, siamo intervenuti in modo tempestivo risolvendo le criticit\u00e0 segnalate da molti dirigenti, che ringrazio per l\u2019importante ruolo educativo e il carico di responsabilit\u00e0. Siamo subito intervenuti in tema di edilizia scolastica impegnandoci ad affrontare questo annoso problema, anche con il coinvolgimento del settore privato per le manutenzioni necessarie. Siamo convinti, infatti, che per accrescere il livello di vivibilit\u00e0 della nostra citt\u00e0 non si possa che partire dalla qualit\u00e0 dei servizi educativi e scolastici pubblici\u00bb, ha aggiunto l\u2019assessore all\u2019Istruzione, Aristide Tamajo.<br \/>foto ufficio stampa Comune Palermo<br \/>(ITALPRESS).<div id=\"div-gpt-ad-Messinaoggi.it-DSK-300x250-corpoart\" style=\"text-align:center;margin:0 auto;\"><\/div><\/p>\n<\/div>\n<div id=\"videoincontent\" style=\"clear:both\";><\/div>","protected":false},"excerpt":{"rendered":"<p>PALERMO (ITALPRESS) \u2013 Il sindaco di Palermo, Roberto Lagalla, e l\u2019assessore alla scuola, Aristide Tamajo, stamane, hanno portato il loro saluto agli studenti dell\u2019Istituto comprensivo Carol Wojtyla -Arenella per l\u2019avvio del nuovo anno scolastico.\u00abOggi tutti gli studenti hanno fatto il loro rientro in classe e dopo anni pieni di difficolt\u00e0, a causa dell\u2019emergenza sanitaria, mi [&hellip;]<\/p>\n","protected":false},"author":18,"featured_media":122236,"comment_status":"closed","ping_status":"closed","sticky":false,"template":"","format":"standard","meta":{"ub_ctt_via":"","_mi_skip_tracking":false},"categories":[2449],"tags":[783],"featured_image_src":"https:\/\/www.messinaoggi.it\/website\/wp-content\/uploads\/2022\/09\/20220919_0576.jpg","author_info":{"display_name":"Admin","author_link":"https:\/\/www.messinaoggi.it\/website\/author\/admin\/"},"digistream_id":0,"digistream":false,"_links":{"self":[{"href":"https:\/\/www.messinaoggi.it\/website\/wp-json\/wp\/v2\/posts\/122235"}],"collection":[{"href":"https:\/\/www.messinaoggi.it\/website\/wp-json\/wp\/v2\/posts"}],"about":[{"href":"https:\/\/www.messinaoggi.it\/website\/wp-json\/wp\/v2\/types\/post"}],"author":[{"embeddable":true,"href":"https:\/\/www.messinaoggi.it\/website\/wp-json\/wp\/v2\/users\/18"}],"replies":[{"embeddable":true,"href":"https:\/\/www.messinaoggi.it\/website\/wp-json\/wp\/v2\/comments?post=122235"}],"version-history":[{"count":0,"href":"https:\/\/www.messinaoggi.it\/website\/wp-json\/wp\/v2\/posts\/122235\/revisions"}],"wp:featuredmedia":[{"embeddable":true,"href":"https:\/\/www.messinaoggi.it\/website\/wp-json\/wp\/v2\/media\/122236"}],"wp:attachment":[{"href":"https:\/\/www.messinaoggi.it\/website\/wp-json\/wp\/v2\/media?parent=122235"}],"wp:term":[{"taxonomy":"category","embeddable":true,"href":"https:\/\/www.messinaoggi.it\/website\/wp-json\/wp\/v2\/categories?post=122235"},{"taxonomy":"post_tag","embeddable":true,"href":"https:\/\/www.messinaoggi.it\/website\/wp-json\/wp\/v2\/tags?post=122235"}],"curies":[{"name":"wp","href":"https:\/\/api.w.org\/{rel}","templated":true}]}}