{"id":122150,"date":"2022-09-18T15:32:50","date_gmt":"2022-09-18T13:32:50","guid":{"rendered":"https:\/\/www.messinaoggi.it\/website\/2022\/09\/18\/razza-nel-centrodestra-tutti-compatti-attorno-a-schifani-non-alimentare-scontri-inutili\/"},"modified":"2022-09-18T15:32:50","modified_gmt":"2022-09-18T13:32:50","slug":"razza-nel-centrodestra-tutti-compatti-attorno-a-schifani-non-alimentare-scontri-inutili","status":"publish","type":"post","link":"https:\/\/www.messinaoggi.it\/website\/2022\/09\/18\/razza-nel-centrodestra-tutti-compatti-attorno-a-schifani-non-alimentare-scontri-inutili\/","title":{"rendered":"Razza \u201cNel centrodestra tutti compatti attorno a Schifani, non alimentare scontri inutili\u201d"},"content":{"rendered":"<div>\n<p>\u201cNell\u2019ambito del centrodestra siamo convinti che ci sar\u00e0 il massimo di compattezza attorno a Renato Schifani, anche perch\u00e9 proprio per le persone pi\u00f9 vicine al presidente Musumeci l\u2019obiettivo della continuit\u00e0 amministrativa pu\u00f2 essere garantito solo con Fratelli d\u2019Italia primo partito in Sicilia e molto rappresentato in parlamento e con un governo di centrodestra che non voglia smantellare il buon lavoro di questi anni\u201d. A dirlo all\u2019Italpress e\u2019 l\u2019assessore alla Salute della Regione Siciliana, Ruggero Razza.<div id=\"div-gpt-ad-Messinaoggi.it-DSK-300x250-corpoart\" style=\"text-align:center;margin:0 auto;\"><\/div><\/p>\n<p>\u201cDobbiamo aspettarci ovviamente i soliti colpi bassi \u2013 continua Razza -. Cinque anni fa per Musumeci nell\u2019ultima settimana c\u2019era chi raccontava del voto disgiunto del Pd verso i grillini e chi parlava del fatto che sarebbe stata parte della coalizione di centrodestra a non votare per Musumeci. Ma sono solo tentativi di destabilizzare, che oggi come ieri non hanno alcun effetto. La realt\u00e0 \u00e8 che i Cinquestelle stanno recuperando parte dell\u2019elettorato e quindi chi contava su quella fetta di elettorato per superare il centrodestra \u00e8 dovuto rimanere deluso e quindi cerca di seminare zizzania a casa nostra. Il tentativo \u00e8 inutile anche perch\u00e9 siciliani hanno visto come nei cinque anni trrascorsi l\u2019ampiezza e la lealt\u00e0 della maggioranza parlamentare siano il primo obiettivo da raggiungere e nessuno nel centrodestra vuole perdere l\u2019occasione di un election day che \u00e8 stato voluto da Nello Musumeci non solo per il grande risparmio che ha consentito ma anche per aiutare il successo della sua coalizione\u201d.<div id=\"videoincontent\" style=\"clear:both\";><\/div><\/p>\n<p>\u201cSiccome il clima \u00e8 questo \u2013 conclude Razza \u2013 mi permetto di consigliare a tutti gli esponenti del centrodestra di evitare di alimentare scontri che verrebbero inutilmente utilizzati per fare pressione sulla pubblica opinione\u201d, conclude Razza.<\/p>\n<p>(ITALPRESS).<\/p>\n<\/div>\n","protected":false},"excerpt":{"rendered":"<p>\u201cNell\u2019ambito del centrodestra siamo convinti che ci sar\u00e0 il massimo di compattezza attorno a Renato Schifani, anche perch\u00e9 proprio per le persone pi\u00f9 vicine al presidente Musumeci l\u2019obiettivo della continuit\u00e0 amministrativa pu\u00f2 essere garantito solo con Fratelli d\u2019Italia primo partito in Sicilia e molto rappresentato in parlamento e con un governo di centrodestra che non [&hellip;]<\/p>\n","protected":false},"author":18,"featured_media":122151,"comment_status":"closed","ping_status":"closed","sticky":false,"template":"","format":"standard","meta":{"ub_ctt_via":"","_mi_skip_tracking":false},"categories":[2449],"tags":[783],"featured_image_src":"https:\/\/www.messinaoggi.it\/website\/wp-content\/uploads\/2022\/09\/razza.jpg","author_info":{"display_name":"Admin","author_link":"https:\/\/www.messinaoggi.it\/website\/author\/admin\/"},"digistream_id":0,"digistream":false,"_links":{"self":[{"href":"https:\/\/www.messinaoggi.it\/website\/wp-json\/wp\/v2\/posts\/122150"}],"collection":[{"href":"https:\/\/www.messinaoggi.it\/website\/wp-json\/wp\/v2\/posts"}],"about":[{"href":"https:\/\/www.messinaoggi.it\/website\/wp-json\/wp\/v2\/types\/post"}],"author":[{"embeddable":true,"href":"https:\/\/www.messinaoggi.it\/website\/wp-json\/wp\/v2\/users\/18"}],"replies":[{"embeddable":true,"href":"https:\/\/www.messinaoggi.it\/website\/wp-json\/wp\/v2\/comments?post=122150"}],"version-history":[{"count":0,"href":"https:\/\/www.messinaoggi.it\/website\/wp-json\/wp\/v2\/posts\/122150\/revisions"}],"wp:featuredmedia":[{"embeddable":true,"href":"https:\/\/www.messinaoggi.it\/website\/wp-json\/wp\/v2\/media\/122151"}],"wp:attachment":[{"href":"https:\/\/www.messinaoggi.it\/website\/wp-json\/wp\/v2\/media?parent=122150"}],"wp:term":[{"taxonomy":"category","embeddable":true,"href":"https:\/\/www.messinaoggi.it\/website\/wp-json\/wp\/v2\/categories?post=122150"},{"taxonomy":"post_tag","embeddable":true,"href":"https:\/\/www.messinaoggi.it\/website\/wp-json\/wp\/v2\/tags?post=122150"}],"curies":[{"name":"wp","href":"https:\/\/api.w.org\/{rel}","templated":true}]}}