{"id":122148,"date":"2022-09-18T15:17:55","date_gmt":"2022-09-18T13:17:55","guid":{"rendered":"https:\/\/www.messinaoggi.it\/website\/2022\/09\/18\/regionali-schifani-berlusconi-tranquillo-centrodestra-e-unito\/"},"modified":"2022-09-18T15:17:55","modified_gmt":"2022-09-18T13:17:55","slug":"regionali-schifani-berlusconi-tranquillo-centrodestra-e-unito","status":"publish","type":"post","link":"https:\/\/www.messinaoggi.it\/website\/2022\/09\/18\/regionali-schifani-berlusconi-tranquillo-centrodestra-e-unito\/","title":{"rendered":"Regionali, Schifani \u201cBerlusconi tranquillo, centrodestra \u00e8 unito\u201d"},"content":{"rendered":"<div>\n<p>\u201cSu Berlusconi preoccupato sui sondaggi, secondo De Luca, sono frasi che mi fanno sorridere. Sento spesso il presidente Berlusconi ed \u00e8 sereno e tranquillo perch\u00e9 vinceremo tutti i collegi. Abbiamo sensazioni molto positive, il consenso sul mio nome \u00e8 molto, molto elevato e la coalizione di centrodestra resta unita\u201d. Lo ha detto Renato Schifani, candidato del centrodestra alla presidenza della Regione Siciliana, a margine della manifestazione di Piero Alongi, candidato di Forza Italia all\u2019Ars. \u201cCerta disinformazione da parte di teatranti della politica la affido alla valutazione dei siciliani, persone serie, che sanno che la Sicilia si cambia con l\u2019autorevolezza, i progetti e la credibilit\u00e0 che abbiamo noi. Non con gli atteggiamenti di chi si denuda e si avvolge con la bandiera siciliana. Vorrei vedere De Luca in questo stato a trattare con il governo nazionale o mandare a quel paese il ministro dell\u2019Interno. La Sicilia si attende e vuole seriet\u00e0\u201d, ha aggiunto. Schifani ha poi sottolineato come \u201cnon esiste alcun partito sotterraneo. Sono tutte invenzioni di chi vuole sviare l\u2019attenzione del popolo del centrodestra che non crede a queste subdole valutazioni\u201d. In vista della chiusura della campagna elettorale, il senatore di Fi ha chiosato: \u201cSono convinto e sono certo che si far\u00e0 una convention di Forza Italia per chiudere la campagna elettorale a Palermo. In queste settimane, sono stato invitato diverse volte da Salvini, sono stato a Catania e sar\u00f2 a Palermo con Giorgia Meloni, sono stato con la Dc Nuova e con Noi con l\u2019Italia di Saverio Romano. Ne parler\u00f2 con Gianfranco Miccich\u00e8\u201d.<br \/>\n(ITALPRESS).<br \/>\n-foto Italpress-<div id=\"div-gpt-ad-Messinaoggi.it-DSK-300x250-corpoart\" style=\"text-align:center;margin:0 auto;\"><\/div><\/p>\n<\/div>\n<div id=\"videoincontent\" style=\"clear:both\";><\/div>","protected":false},"excerpt":{"rendered":"<p>\u201cSu Berlusconi preoccupato sui sondaggi, secondo De Luca, sono frasi che mi fanno sorridere. Sento spesso il presidente Berlusconi ed \u00e8 sereno e tranquillo perch\u00e9 vinceremo tutti i collegi. Abbiamo sensazioni molto positive, il consenso sul mio nome \u00e8 molto, molto elevato e la coalizione di centrodestra resta unita\u201d. Lo ha detto Renato Schifani, candidato [&hellip;]<\/p>\n","protected":false},"author":18,"featured_media":122149,"comment_status":"closed","ping_status":"closed","sticky":false,"template":"","format":"standard","meta":{"ub_ctt_via":"","_mi_skip_tracking":false},"categories":[2449],"tags":[783],"featured_image_src":"https:\/\/www.messinaoggi.it\/website\/wp-content\/uploads\/2022\/09\/schifani-primo-piano.jpg","author_info":{"display_name":"Admin","author_link":"https:\/\/www.messinaoggi.it\/website\/author\/admin\/"},"digistream_id":0,"digistream":false,"_links":{"self":[{"href":"https:\/\/www.messinaoggi.it\/website\/wp-json\/wp\/v2\/posts\/122148"}],"collection":[{"href":"https:\/\/www.messinaoggi.it\/website\/wp-json\/wp\/v2\/posts"}],"about":[{"href":"https:\/\/www.messinaoggi.it\/website\/wp-json\/wp\/v2\/types\/post"}],"author":[{"embeddable":true,"href":"https:\/\/www.messinaoggi.it\/website\/wp-json\/wp\/v2\/users\/18"}],"replies":[{"embeddable":true,"href":"https:\/\/www.messinaoggi.it\/website\/wp-json\/wp\/v2\/comments?post=122148"}],"version-history":[{"count":0,"href":"https:\/\/www.messinaoggi.it\/website\/wp-json\/wp\/v2\/posts\/122148\/revisions"}],"wp:featuredmedia":[{"embeddable":true,"href":"https:\/\/www.messinaoggi.it\/website\/wp-json\/wp\/v2\/media\/122149"}],"wp:attachment":[{"href":"https:\/\/www.messinaoggi.it\/website\/wp-json\/wp\/v2\/media?parent=122148"}],"wp:term":[{"taxonomy":"category","embeddable":true,"href":"https:\/\/www.messinaoggi.it\/website\/wp-json\/wp\/v2\/categories?post=122148"},{"taxonomy":"post_tag","embeddable":true,"href":"https:\/\/www.messinaoggi.it\/website\/wp-json\/wp\/v2\/tags?post=122148"}],"curies":[{"name":"wp","href":"https:\/\/api.w.org\/{rel}","templated":true}]}}