{"id":122125,"date":"2022-09-17T23:32:50","date_gmt":"2022-09-17T21:32:50","guid":{"rendered":"https:\/\/www.messinaoggi.it\/website\/2022\/09\/17\/conte-in-sicilia-ce-voglia-di-cambiamento-e-noi-abbiamo-le-carte-in-regola\/"},"modified":"2022-09-17T23:32:50","modified_gmt":"2022-09-17T21:32:50","slug":"conte-in-sicilia-ce-voglia-di-cambiamento-e-noi-abbiamo-le-carte-in-regola","status":"publish","type":"post","link":"https:\/\/www.messinaoggi.it\/website\/2022\/09\/17\/conte-in-sicilia-ce-voglia-di-cambiamento-e-noi-abbiamo-le-carte-in-regola\/","title":{"rendered":"Conte \u201cIn Sicilia c\u2019\u00e8 voglia di cambiamento e noi abbiamo le carte in regola\u201d"},"content":{"rendered":"<div>\n<p>PALERMO (ITALPRESS) \u2013 \u201cDalla popolazione siciliana ho percepito un grande entusiasmo e una grande voglia di cambiamento, di dare una svolta al governo regionale. Sono in tanti a volere un riscatto, in tanti a prestare attenzione alla nostra proposta politica\u201d. Lo ha detto il leader M5s, Giuseppe Conte, a margine di un evento elettorale a Palermo. \u201cDopo anni di seria opposizione, in cui abbiamo dimostrato di avere a cuore i problemi della Sicilia, abbiamo tutte le carte in regola per governare questa regione\u201d, aggiunge Conte. \u201cLa lotta alla corruzione e alle infiltrazioni mafiose \u2013 aggiunge \u2013 sar\u00e0 la stella polare della nostra proposta politica. Il M5s si batter\u00e0 strenuamente per la legalit\u00e0\u201d. Dopo che il leader Iv Matteo Renzi si \u00e8 rivolto alla ministra degli Interni Lamorgese per avere ricevuto minacce sui social, in seguito all\u2019invito di Conte a confrontarsi, nel capoluogo siciliano, sul reddito di cittadinanza senza scorta, il leader M5s replica: \u201cRenzi non deve giocare, non deve stravolgere le mie parole. Deve confrontarsi con le persone che sono davvero in difficolt\u00e0. Poi, che lui lo voglia strumentalmente leggerlo come un invito alla violenza \u00e8 una sua iniziativa gratuita che lo contraddistingue\u201d.<br \/>\n(ITALPRESS).<br \/>\n\u2013 foto xd8-<div id=\"div-gpt-ad-Messinaoggi.it-DSK-300x250-corpoart\" style=\"text-align:center;margin:0 auto;\"><\/div><\/p>\n<\/div>\n<div id=\"videoincontent\" style=\"clear:both\";><\/div>","protected":false},"excerpt":{"rendered":"<p>PALERMO (ITALPRESS) \u2013 \u201cDalla popolazione siciliana ho percepito un grande entusiasmo e una grande voglia di cambiamento, di dare una svolta al governo regionale. Sono in tanti a volere un riscatto, in tanti a prestare attenzione alla nostra proposta politica\u201d. Lo ha detto il leader M5s, Giuseppe Conte, a margine di un evento elettorale a [&hellip;]<\/p>\n","protected":false},"author":18,"featured_media":122126,"comment_status":"closed","ping_status":"closed","sticky":false,"template":"","format":"standard","meta":{"ub_ctt_via":"","_mi_skip_tracking":false},"categories":[2449],"tags":[783],"featured_image_src":"https:\/\/www.messinaoggi.it\/website\/wp-content\/uploads\/2022\/09\/conte3.jpg","author_info":{"display_name":"Admin","author_link":"https:\/\/www.messinaoggi.it\/website\/author\/admin\/"},"digistream_id":0,"digistream":false,"_links":{"self":[{"href":"https:\/\/www.messinaoggi.it\/website\/wp-json\/wp\/v2\/posts\/122125"}],"collection":[{"href":"https:\/\/www.messinaoggi.it\/website\/wp-json\/wp\/v2\/posts"}],"about":[{"href":"https:\/\/www.messinaoggi.it\/website\/wp-json\/wp\/v2\/types\/post"}],"author":[{"embeddable":true,"href":"https:\/\/www.messinaoggi.it\/website\/wp-json\/wp\/v2\/users\/18"}],"replies":[{"embeddable":true,"href":"https:\/\/www.messinaoggi.it\/website\/wp-json\/wp\/v2\/comments?post=122125"}],"version-history":[{"count":0,"href":"https:\/\/www.messinaoggi.it\/website\/wp-json\/wp\/v2\/posts\/122125\/revisions"}],"wp:featuredmedia":[{"embeddable":true,"href":"https:\/\/www.messinaoggi.it\/website\/wp-json\/wp\/v2\/media\/122126"}],"wp:attachment":[{"href":"https:\/\/www.messinaoggi.it\/website\/wp-json\/wp\/v2\/media?parent=122125"}],"wp:term":[{"taxonomy":"category","embeddable":true,"href":"https:\/\/www.messinaoggi.it\/website\/wp-json\/wp\/v2\/categories?post=122125"},{"taxonomy":"post_tag","embeddable":true,"href":"https:\/\/www.messinaoggi.it\/website\/wp-json\/wp\/v2\/tags?post=122125"}],"curies":[{"name":"wp","href":"https:\/\/api.w.org\/{rel}","templated":true}]}}