{"id":122117,"date":"2022-09-17T19:34:50","date_gmt":"2022-09-17T17:34:50","guid":{"rendered":"http:\/\/www.messinaoggi.it\/website\/?p=122117"},"modified":"2022-09-17T19:34:51","modified_gmt":"2022-09-17T17:34:51","slug":"messina-avellino-auteri-partita-difficile","status":"publish","type":"post","link":"https:\/\/www.messinaoggi.it\/website\/2022\/09\/17\/messina-avellino-auteri-partita-difficile\/","title":{"rendered":"Messina &#8211; Avellino, Auteri: &#8220;partita difficile&#8221;"},"content":{"rendered":"\n<p>Vigilia di campionato per <strong>l\u2019ACR Messina<\/strong> che domani affronter\u00e0 l\u2019Avellino con calcio d\u2019inizio alle 17:30. In occasione della quarta giornata del girone C di Serie C, il tecnico <strong>Gaetano Auteri<\/strong> ha presentato la trasferta in Irpinia. <div id=\"div-gpt-ad-Messinaoggi.it-DSK-300x250-corpoart\" style=\"text-align:center;margin:0 auto;\"><\/div><\/p>\n\n\n\n<p>Di seguito le dichiarazioni dell\u2019allenatore giallorosso.<div id=\"videoincontent\" style=\"clear:both\";><\/div><\/p>\n\n\n\n<p><br>Sulla sfida contro l\u2019Avellino: \u201cSulla carta \u00e8 una partita difficile, affrontiamo una squadra forte che \u00e8 stata costruita per vincere e<br>per stare con le prime. Sono state giocate appena tre partite.<br>Per quanto ci riguarda continua il nostro calendario difficile, ce la giocheremo comunque anche se sappiamo che sar\u00e0 difficile, ma stiamo bene e siamo consapevoli che servir\u00e0 cuore, sacrificio e testa<br>per portare a casa un risultato positivo\u201d.<\/p>\n\n\n\n<p><br>Sul calendario e lo stato di forma: \u201c\u00c8 la terza partita in sette giorni per tutti, non solo per noi. Sappiamo quello che ci aspetta, che i toni agonistici magari saranno accesi e siamo consapevoli delle difficolt\u00e0. Ma nelle precedenti gare abbiamo fatto bene, potevamo raccogliere qualcosina in pi\u00f9 ma abbiamo dimostrato di essere vivi, consapevoli delle nostre potenzialit\u00e0. Di fronte ci saranno due squadre che hanno obiettivi<br>totalmente diversi ma proprio questo tipo di confronti possono essere stimolanti\u201d.<\/p>\n\n\n\n<p><br>Sui convocati e le scelte di formazione: \u201cCuriale abbiamo deciso stamattina di portarlo con noi, vedremo. Faremo le scelte alla fine\u201d.<\/p>\n","protected":false},"excerpt":{"rendered":"<p>Vigilia di campionato per l\u2019ACR Messina che domani affronter\u00e0 l\u2019Avellino con calcio d\u2019inizio alle 17:30. In occasione della quarta giornata del girone C di Serie C, il tecnico Gaetano Auteri ha presentato la trasferta in Irpinia. Di seguito le dichiarazioni dell\u2019allenatore giallorosso. Sulla sfida contro l\u2019Avellino: \u201cSulla carta \u00e8 una partita difficile, affrontiamo una squadra [&hellip;]<\/p>\n","protected":false},"author":8,"featured_media":113444,"comment_status":"open","ping_status":"open","sticky":false,"template":"","format":"standard","meta":{"ub_ctt_via":"","_mi_skip_tracking":false},"categories":[10],"tags":[],"featured_image_src":"https:\/\/www.messinaoggi.it\/website\/wp-content\/uploads\/2022\/07\/Auteri.jpg","author_info":{"display_name":"red..me","author_link":"https:\/\/www.messinaoggi.it\/website\/author\/redstage\/"},"digistream_id":0,"digistream":false,"_links":{"self":[{"href":"https:\/\/www.messinaoggi.it\/website\/wp-json\/wp\/v2\/posts\/122117"}],"collection":[{"href":"https:\/\/www.messinaoggi.it\/website\/wp-json\/wp\/v2\/posts"}],"about":[{"href":"https:\/\/www.messinaoggi.it\/website\/wp-json\/wp\/v2\/types\/post"}],"author":[{"embeddable":true,"href":"https:\/\/www.messinaoggi.it\/website\/wp-json\/wp\/v2\/users\/8"}],"replies":[{"embeddable":true,"href":"https:\/\/www.messinaoggi.it\/website\/wp-json\/wp\/v2\/comments?post=122117"}],"version-history":[{"count":1,"href":"https:\/\/www.messinaoggi.it\/website\/wp-json\/wp\/v2\/posts\/122117\/revisions"}],"predecessor-version":[{"id":122118,"href":"https:\/\/www.messinaoggi.it\/website\/wp-json\/wp\/v2\/posts\/122117\/revisions\/122118"}],"wp:featuredmedia":[{"embeddable":true,"href":"https:\/\/www.messinaoggi.it\/website\/wp-json\/wp\/v2\/media\/113444"}],"wp:attachment":[{"href":"https:\/\/www.messinaoggi.it\/website\/wp-json\/wp\/v2\/media?parent=122117"}],"wp:term":[{"taxonomy":"category","embeddable":true,"href":"https:\/\/www.messinaoggi.it\/website\/wp-json\/wp\/v2\/categories?post=122117"},{"taxonomy":"post_tag","embeddable":true,"href":"https:\/\/www.messinaoggi.it\/website\/wp-json\/wp\/v2\/tags?post=122117"}],"curies":[{"name":"wp","href":"https:\/\/api.w.org\/{rel}","templated":true}]}}