{"id":122061,"date":"2022-09-17T12:32:56","date_gmt":"2022-09-17T10:32:56","guid":{"rendered":"https:\/\/www.messinaoggi.it\/website\/2022\/09\/17\/si-insedia-nuovo-corecom-sicilia-peria-giaconia-massima-correttezza\/"},"modified":"2022-09-17T12:32:56","modified_gmt":"2022-09-17T10:32:56","slug":"si-insedia-nuovo-corecom-sicilia-peria-giaconia-massima-correttezza","status":"publish","type":"post","link":"https:\/\/www.messinaoggi.it\/website\/2022\/09\/17\/si-insedia-nuovo-corecom-sicilia-peria-giaconia-massima-correttezza\/","title":{"rendered":"Si insedia nuovo Corecom Sicilia, Peria Giaconia \u201cMassima correttezza\u201d"},"content":{"rendered":"<div>\n<p>PALERMO (ITALPRESS) \u2013 Si insedieranno gioved\u00ec 22 settembre i cinque nuovi componenti del Comitato Regionale per le Comunicazioni, appena nominati dal Presidente della Regione Siciliana su indicazione del Presidente dell\u2019Ars. Il cambio al vertice del Corecom Sicilia \u00e8 stato ufficializzato ieri con l\u2019accettazione dell\u2019incarico da parte di Andrea Peria Giaconia, indicato quale nuovo Presidente; nominati componenti Salvatore Li Castri, Aldo Mantineo, Ugo Piazza e Luigi Sarullo. L\u2019organismo, braccio operativo sul territorio dell\u2019Autorit\u00e0 per le Garanzie nelle Comunicazioni, sar\u00e0 in carica per i prossimi cinque anni. La riunione di insediamento \u00e8 stata fissata per gioved\u00ec 22 settembre, alle 11. \u201cNell\u2019accettare la prestigiosa nomina, ringrazio i vertici istituzionali della Regione Siciliana per la fiducia che mi hanno voluto accordare \u2013 dichiara Andrea Peria, neo presidente del Corecom Sicilia \u2013 guider\u00f2 con la massima trasparenza e correttezza l\u2019organismo che sono stato chiamato a dirigere e coordinare nell\u2019interesse generale del sistema delle comunicazioni dell\u2019isola. Sin da subito mi attiver\u00f2 per un dialogo concreto e costruttivo con gli operatori delle telecomunicazioni e con gli editori delle emittenti televisive nel rispetto dei diritti dei cittadini e delle imprese. Nel ringraziare anche i componenti del precedente Comitato per l\u2019impegno profuso in questi anni, auspico che continueremo a lavorare in proficua collaborazione e sinergia con la struttura amministrativa\u201d. <br \/>(ITALPRESS).<div id=\"div-gpt-ad-Messinaoggi.it-DSK-300x250-corpoart\" style=\"text-align:center;margin:0 auto;\"><\/div><\/p>\n<p>\u2013 credit photo agenziafotogramma.it \u2013<div id=\"videoincontent\" style=\"clear:both\";><\/div><\/p>\n<\/div>\n","protected":false},"excerpt":{"rendered":"<p>PALERMO (ITALPRESS) \u2013 Si insedieranno gioved\u00ec 22 settembre i cinque nuovi componenti del Comitato Regionale per le Comunicazioni, appena nominati dal Presidente della Regione Siciliana su indicazione del Presidente dell\u2019Ars. Il cambio al vertice del Corecom Sicilia \u00e8 stato ufficializzato ieri con l\u2019accettazione dell\u2019incarico da parte di Andrea Peria Giaconia, indicato quale nuovo Presidente; nominati [&hellip;]<\/p>\n","protected":false},"author":18,"featured_media":122062,"comment_status":"closed","ping_status":"closed","sticky":false,"template":"","format":"standard","meta":{"ub_ctt_via":"","_mi_skip_tracking":false},"categories":[2449],"tags":[783],"featured_image_src":"https:\/\/www.messinaoggi.it\/website\/wp-content\/uploads\/2022\/09\/20220917_0686.jpg","author_info":{"display_name":"Admin","author_link":"https:\/\/www.messinaoggi.it\/website\/author\/admin\/"},"digistream_id":0,"digistream":false,"_links":{"self":[{"href":"https:\/\/www.messinaoggi.it\/website\/wp-json\/wp\/v2\/posts\/122061"}],"collection":[{"href":"https:\/\/www.messinaoggi.it\/website\/wp-json\/wp\/v2\/posts"}],"about":[{"href":"https:\/\/www.messinaoggi.it\/website\/wp-json\/wp\/v2\/types\/post"}],"author":[{"embeddable":true,"href":"https:\/\/www.messinaoggi.it\/website\/wp-json\/wp\/v2\/users\/18"}],"replies":[{"embeddable":true,"href":"https:\/\/www.messinaoggi.it\/website\/wp-json\/wp\/v2\/comments?post=122061"}],"version-history":[{"count":0,"href":"https:\/\/www.messinaoggi.it\/website\/wp-json\/wp\/v2\/posts\/122061\/revisions"}],"wp:featuredmedia":[{"embeddable":true,"href":"https:\/\/www.messinaoggi.it\/website\/wp-json\/wp\/v2\/media\/122062"}],"wp:attachment":[{"href":"https:\/\/www.messinaoggi.it\/website\/wp-json\/wp\/v2\/media?parent=122061"}],"wp:term":[{"taxonomy":"category","embeddable":true,"href":"https:\/\/www.messinaoggi.it\/website\/wp-json\/wp\/v2\/categories?post=122061"},{"taxonomy":"post_tag","embeddable":true,"href":"https:\/\/www.messinaoggi.it\/website\/wp-json\/wp\/v2\/tags?post=122061"}],"curies":[{"name":"wp","href":"https:\/\/api.w.org\/{rel}","templated":true}]}}