{"id":122057,"date":"2022-09-17T10:18:46","date_gmt":"2022-09-17T08:18:46","guid":{"rendered":"http:\/\/www.messinaoggi.it\/website\/?p=122057"},"modified":"2022-09-17T10:18:47","modified_gmt":"2022-09-17T08:18:47","slug":"rivolta-dei-sindaci-contro-de-luca-bocciato-basile-allati","status":"publish","type":"post","link":"https:\/\/www.messinaoggi.it\/website\/2022\/09\/17\/rivolta-dei-sindaci-contro-de-luca-bocciato-basile-allati\/","title":{"rendered":"&#8220;Rivolta&#8221; dei sindaci contro De Luca: bocciato Basile all&#8217;Ati"},"content":{"rendered":"\n<p>Federico Basile, sindaco di Messina, ha subito una cocente sconfitta politica, al termine delle votazioni per l&#8217;elezione del presidente dell&#8217;Ati (Assemblea territoriale idrica di Messina), l&#8217;ente che si occupa della gestione idrica della citt\u00e0 metropolitana.<div id=\"div-gpt-ad-Messinaoggi.it-DSK-300x250-corpoart\" style=\"text-align:center;margin:0 auto;\"><\/div><\/p>\n\n\n\n<p>Con cinquanta voti, contro i trenta di Basile, \u00e8 stato eletto Gino Di Pane, sindaco di Frazzan\u00f2. Un chiaro ed inequivocabile segnale politico indirizzato all&#8217;ex sindaco di Messina, Cateno De Luca, in vista delle elezioni regionali della prossima settimana.<div id=\"videoincontent\" style=\"clear:both\";><\/div><\/p>\n\n\n\n<p>Dall&#8217;assemblea dei sindaci della citt\u00e0 metropolitana di Messina, \u00e8 partito un messaggio forte e chiaro, che non \u00e8 stato ben digerito &#8211; trapela dalla segreteria di Sicilia Vera &#8211; da Cateno De Luca, il quale riteneva che avesse in pugno i primi cittadini di Messina.<\/p>\n\n\n\n<p>Nulla di tutto questo. Il segnale che proviene dall&#8217;elezione di Di Pane dice che politicamente De Luca non pu\u00f2 contare sull&#8217;appoggio di una nutrita pattuglia di sindaci (oltre 50), i quali evidentemente non si sono &#8220;convertiti&#8221; al credo dello &#8220;Sciamano del Nisi&#8221;.<\/p>\n\n\n\n<p><\/p>\n","protected":false},"excerpt":{"rendered":"<p>Federico Basile, sindaco di Messina, ha subito una cocente sconfitta politica, al termine delle votazioni per l&#8217;elezione del presidente dell&#8217;Ati (Assemblea territoriale idrica di Messina), l&#8217;ente che si occupa della gestione idrica della citt\u00e0 metropolitana. Con cinquanta voti, contro i trenta di Basile, \u00e8 stato eletto Gino Di Pane, sindaco di Frazzan\u00f2. Un chiaro ed [&hellip;]<\/p>\n","protected":false},"author":2,"featured_media":111271,"comment_status":"open","ping_status":"open","sticky":false,"template":"","format":"standard","meta":{"ub_ctt_via":"","_mi_skip_tracking":false},"categories":[19],"tags":[5054,126,2972,5056],"featured_image_src":"https:\/\/www.messinaoggi.it\/website\/wp-content\/uploads\/2022\/06\/ismaele-la-vardera-dino-giarrusso-cateno-de-luca-federico-basile-danilo-lo-giudice-scaled.jpg","author_info":{"display_name":"Redazione","author_link":"https:\/\/www.messinaoggi.it\/website\/author\/redazione\/"},"digistream_id":0,"digistream":false,"_links":{"self":[{"href":"https:\/\/www.messinaoggi.it\/website\/wp-json\/wp\/v2\/posts\/122057"}],"collection":[{"href":"https:\/\/www.messinaoggi.it\/website\/wp-json\/wp\/v2\/posts"}],"about":[{"href":"https:\/\/www.messinaoggi.it\/website\/wp-json\/wp\/v2\/types\/post"}],"author":[{"embeddable":true,"href":"https:\/\/www.messinaoggi.it\/website\/wp-json\/wp\/v2\/users\/2"}],"replies":[{"embeddable":true,"href":"https:\/\/www.messinaoggi.it\/website\/wp-json\/wp\/v2\/comments?post=122057"}],"version-history":[{"count":1,"href":"https:\/\/www.messinaoggi.it\/website\/wp-json\/wp\/v2\/posts\/122057\/revisions"}],"predecessor-version":[{"id":122058,"href":"https:\/\/www.messinaoggi.it\/website\/wp-json\/wp\/v2\/posts\/122057\/revisions\/122058"}],"wp:featuredmedia":[{"embeddable":true,"href":"https:\/\/www.messinaoggi.it\/website\/wp-json\/wp\/v2\/media\/111271"}],"wp:attachment":[{"href":"https:\/\/www.messinaoggi.it\/website\/wp-json\/wp\/v2\/media?parent=122057"}],"wp:term":[{"taxonomy":"category","embeddable":true,"href":"https:\/\/www.messinaoggi.it\/website\/wp-json\/wp\/v2\/categories?post=122057"},{"taxonomy":"post_tag","embeddable":true,"href":"https:\/\/www.messinaoggi.it\/website\/wp-json\/wp\/v2\/tags?post=122057"}],"curies":[{"name":"wp","href":"https:\/\/api.w.org\/{rel}","templated":true}]}}