{"id":12194,"date":"2017-11-30T09:59:06","date_gmt":"2017-11-30T08:59:06","guid":{"rendered":"http:\/\/www.messinaoggi.it\/website\/?p=12194"},"modified":"2017-11-30T09:59:06","modified_gmt":"2017-11-30T08:59:06","slug":"nasce-la-giunta-musumeci-sgarbi-assessore-ma-ambisce-a-ministro","status":"publish","type":"post","link":"https:\/\/www.messinaoggi.it\/website\/2017\/11\/30\/nasce-la-giunta-musumeci-sgarbi-assessore-ma-ambisce-a-ministro\/","title":{"rendered":"Nasce la Giunta Musumeci: Sgarbi assessore, ma ambisce a ministro"},"content":{"rendered":"<p>Ecco la Giunta di Musumeci, ma le polemiche non mancano.\u00a0 Il puzzle \u00e8 stato risolto e le dodici tessere hanno trovato una quadra. Dieci uomini e due donne. Dopo le ultime estenuanti trattative, il neo governatore aveva firmato i decreti di nomina degli assessori. Oggi l&#8217;ufficializzazione delle deleghe. Una Giunta tutta politica, con solo due tecnici, indicati dai partiti,<br \/>\nQuattro gli assessori in quota Forza Italia: Marco Falcone, 46 anni, avvocato ed ex capogruppo azzurro nella legislatura uscente, andr\u00e0 alle Infrastrutture; Bernadette Grasso, avvocato, sindaco di Rocca di Caprileone (in provincia di\u00a0Messina), sempre vicina a Gianfranco Micciche&#8217;, eletta gi\u00e0 nella scorsa legislatura in Grande Sud, andr\u00e0 alle Autonomie locali; Edy Bandiera, siracusano 43 anni, laureato in scienze Agrarie, andr\u00e0 alle Risorse agricole; Gaetano Armao, docente universitario e gia&#8217; assessore all&#8217;Economia nel governo Lombardo, tornera&#8217; in via Notarbartolo e sara&#8217; vice presidente della Regione.<br \/>\nAl critico d&#8217;arte Vittorio Sgarbi, &#8220;incoronato&#8221; da Berlusconi durante la convention al Politeama, sar\u00e0 affidata la poltrona di assessore ai Beni culturali. Ma solo per qualche mese, perch\u00e9 e&#8217; certo che se dovesse vincere il Centrodestra anche alle Politiche, ambirebbe a un posto da ministro.<div id=\"div-gpt-ad-Messinaoggi.it-DSK-300x250-corpoart\" style=\"text-align:center;margin:0 auto;\"><\/div><\/p>\n<div id=\"videoincontent\" style=\"clear:both\";><\/div>","protected":false},"excerpt":{"rendered":"<p>Ecco la Giunta di Musumeci, ma le polemiche non mancano.\u00a0 Il puzzle \u00e8 stato risolto e le dodici tessere hanno trovato una quadra. Dieci uomini e due donne. Dopo le ultime estenuanti trattative, il neo governatore aveva firmato i decreti di nomina degli assessori. Oggi l&#8217;ufficializzazione delle deleghe. Una Giunta tutta politica, con solo due [&hellip;]<\/p>\n","protected":false},"author":2,"featured_media":12244,"comment_status":"closed","ping_status":"open","sticky":false,"template":"","format":"standard","meta":{"ub_ctt_via":"","_mi_skip_tracking":false},"categories":[6],"tags":[],"featured_image_src":"https:\/\/www.messinaoggi.it\/website\/wp-content\/uploads\/2017\/11\/96903144-BC21-4644-B1F4-5FDA710A9FAB.jpeg","author_info":{"display_name":"Redazione","author_link":"https:\/\/www.messinaoggi.it\/website\/author\/redazione\/"},"digistream_id":0,"digistream":false,"_links":{"self":[{"href":"https:\/\/www.messinaoggi.it\/website\/wp-json\/wp\/v2\/posts\/12194"}],"collection":[{"href":"https:\/\/www.messinaoggi.it\/website\/wp-json\/wp\/v2\/posts"}],"about":[{"href":"https:\/\/www.messinaoggi.it\/website\/wp-json\/wp\/v2\/types\/post"}],"author":[{"embeddable":true,"href":"https:\/\/www.messinaoggi.it\/website\/wp-json\/wp\/v2\/users\/2"}],"replies":[{"embeddable":true,"href":"https:\/\/www.messinaoggi.it\/website\/wp-json\/wp\/v2\/comments?post=12194"}],"version-history":[{"count":0,"href":"https:\/\/www.messinaoggi.it\/website\/wp-json\/wp\/v2\/posts\/12194\/revisions"}],"wp:featuredmedia":[{"embeddable":true,"href":"https:\/\/www.messinaoggi.it\/website\/wp-json\/wp\/v2\/media\/12244"}],"wp:attachment":[{"href":"https:\/\/www.messinaoggi.it\/website\/wp-json\/wp\/v2\/media?parent=12194"}],"wp:term":[{"taxonomy":"category","embeddable":true,"href":"https:\/\/www.messinaoggi.it\/website\/wp-json\/wp\/v2\/categories?post=12194"},{"taxonomy":"post_tag","embeddable":true,"href":"https:\/\/www.messinaoggi.it\/website\/wp-json\/wp\/v2\/tags?post=12194"}],"curies":[{"name":"wp","href":"https:\/\/api.w.org\/{rel}","templated":true}]}}