{"id":121886,"date":"2022-09-16T12:32:53","date_gmt":"2022-09-16T10:32:53","guid":{"rendered":"https:\/\/www.messinaoggi.it\/website\/2022\/09\/16\/musumeci-dallesperienza-covid-le-basi-per-una-sanita-migliore\/"},"modified":"2022-09-16T13:38:21","modified_gmt":"2022-09-16T11:38:21","slug":"musumeci-dallesperienza-covid-le-basi-per-una-sanita-migliore","status":"publish","type":"post","link":"https:\/\/www.messinaoggi.it\/website\/2022\/09\/16\/musumeci-dallesperienza-covid-le-basi-per-una-sanita-migliore\/","title":{"rendered":"Musumeci \u201cDall\u2019esperienza Covid le basi per una sanit\u00e0 migliore\u201d"},"content":{"rendered":"<div>\n<p>PALERMO (ITALPRESS) \u2013 Un bilancio sull\u2019esperienza Covid, di come \u00e8 stata affrontata nei momenti pi\u00f9 difficili, con uno sguardo al futuro, forti anche di quell\u2019esperienza. Il presidente della Regione siciliana, Nello Musumeci, vicino alla scadenza del suo mandato, in un\u2019intervista all\u2019agenzia di stampa Italpress ripercorre i giorni pi\u00f9 bui della pandemia che nell\u2019Isola, dice, hanno gettato le basi per una sanit\u00e0 migliore. <br \/>\u201cUn solo volo per Milano, un solo volo per Roma, un solo treno dalla Capitale, niente navi. Per due mesi abbiamo ridotto del 95% l\u2019accessibilit\u00e0 nell\u2019isola. Non mi pento di averlo fatto perch\u00e8 alla fine i risultati ci hanno dato ragione\u201d, ricorda Musumeci.<br \/>L\u2019esperienza della pandemia \u00e8 stata una di quelle che ha pi\u00f9 segnato la sua esperienza di governo. <br \/>\u201cDi fronte alla natura bisogna arrendersi e questa esperienza lo ha dimostrato \u2013 sottolinea -. La forza della natura \u00e8 sempre maggiore ed \u00e8 una insidia costante, dietro l\u2019angolo. E allora occorre attrezzarsi, prepararsi. Nessun presidente di Regione aveva mai avuto a che fare con la pandemia. Mai. Eravamo tutti impreparati e quello che abbiamo fatto lo abbiamo fatto creando comunit\u00e0, creando rete con un\u2019unica strategia assieme al sistema sanitario, ai medici, al personale parasanitario che non mi stancher\u00f2 mai di ringraziare, ai volontari, alle forze dell\u2019ordine. E\u2019 stato un unico coro, un\u2019unica voce, una mobilitazione corale\u201d. <br \/>\u201cNoi ora stiamo lavorando per creare nuovi reparti di malattie infettive, abbiamo creato nuovi posti letto di terapia intensiva e sub-intensiva. Stiamo riqualificando tutti i Pronto Soccorso dell\u2019isola \u2013 afferma Musumeci -. Nel frattempo lavoriamo per tre nuovi ospedali: il Civico di Palermo, oltre all\u2019Ismett 2, l\u2019ospedale di Siracusa e abbiamo aperto, perch\u00e8 era chiuso e abbandonato, l\u2019ospedale San Marco di Catania\u201d. <br \/>Secondo il governatore \u201ctutto questo non pu\u00f2 non farci guardare al futuro con legittimo orgoglio. Se troviamo un nuovo personale medico specializzato, fra quattro, cinque, sei anni, eliminando il numero chiuso di Medicina e potenziando le borse di studio e i dottorati, io sono convinto che la Sicilia potr\u00e0 essere fra le prime regioni in Italia, anche per abbattere la mobilit\u00e0 passiva, visto che nei cinque anni passati abbiamo risparmiato quasi 50 milioni di euro di mobilit\u00e0 passiva, cio\u00e8 di siciliani che andavano verso il nord nel viaggio della speranza\u201d. <br \/>\u201cC\u2019\u00e8 qualit\u00e0 nel nostro sistema sanitario, per carit\u00e0 ci sono anche ombre e guai a non doverlo dire, ma non possiamo non dobbiamo farci del male. Lavorando su questa strada \u2013 conclude Musumeci \u2013 entro qualche anno la Sicilia potr\u00e0 guardare alle regioni del Nord senza dover temere il confronto\u201d.<div id=\"div-gpt-ad-Messinaoggi.it-DSK-300x250-corpoart\" style=\"text-align:center;margin:0 auto;\"><\/div><\/p>\n<p>\u2013 foto Italpress \u2013<br \/>(ITALPRESS).<div id=\"videoincontent\" style=\"clear:both\";><\/div><\/p>\n<\/div>\n","protected":false},"excerpt":{"rendered":"<p>PALERMO (ITALPRESS) \u2013 Un bilancio sull\u2019esperienza Covid, di come \u00e8 stata affrontata nei momenti pi\u00f9 difficili, con uno sguardo al futuro, forti anche di quell\u2019esperienza. Il presidente della Regione siciliana, Nello Musumeci, vicino alla scadenza del suo mandato, in un\u2019intervista all\u2019agenzia di stampa Italpress ripercorre i giorni pi\u00f9 bui della pandemia che nell\u2019Isola, dice, hanno [&hellip;]<\/p>\n","protected":false},"author":18,"featured_media":121887,"comment_status":"closed","ping_status":"closed","sticky":false,"template":"","format":"standard","meta":{"ub_ctt_via":"","_mi_skip_tracking":false},"categories":[221,2449],"tags":[783],"featured_image_src":"https:\/\/www.messinaoggi.it\/website\/wp-content\/uploads\/2022\/09\/20220916_0491.jpg","author_info":{"display_name":"Admin","author_link":"https:\/\/www.messinaoggi.it\/website\/author\/admin\/"},"digistream_id":0,"digistream":false,"_links":{"self":[{"href":"https:\/\/www.messinaoggi.it\/website\/wp-json\/wp\/v2\/posts\/121886"}],"collection":[{"href":"https:\/\/www.messinaoggi.it\/website\/wp-json\/wp\/v2\/posts"}],"about":[{"href":"https:\/\/www.messinaoggi.it\/website\/wp-json\/wp\/v2\/types\/post"}],"author":[{"embeddable":true,"href":"https:\/\/www.messinaoggi.it\/website\/wp-json\/wp\/v2\/users\/18"}],"replies":[{"embeddable":true,"href":"https:\/\/www.messinaoggi.it\/website\/wp-json\/wp\/v2\/comments?post=121886"}],"version-history":[{"count":1,"href":"https:\/\/www.messinaoggi.it\/website\/wp-json\/wp\/v2\/posts\/121886\/revisions"}],"predecessor-version":[{"id":121905,"href":"https:\/\/www.messinaoggi.it\/website\/wp-json\/wp\/v2\/posts\/121886\/revisions\/121905"}],"wp:featuredmedia":[{"embeddable":true,"href":"https:\/\/www.messinaoggi.it\/website\/wp-json\/wp\/v2\/media\/121887"}],"wp:attachment":[{"href":"https:\/\/www.messinaoggi.it\/website\/wp-json\/wp\/v2\/media?parent=121886"}],"wp:term":[{"taxonomy":"category","embeddable":true,"href":"https:\/\/www.messinaoggi.it\/website\/wp-json\/wp\/v2\/categories?post=121886"},{"taxonomy":"post_tag","embeddable":true,"href":"https:\/\/www.messinaoggi.it\/website\/wp-json\/wp\/v2\/tags?post=121886"}],"curies":[{"name":"wp","href":"https:\/\/api.w.org\/{rel}","templated":true}]}}