{"id":121851,"date":"2022-09-16T09:07:54","date_gmt":"2022-09-16T07:07:54","guid":{"rendered":"https:\/\/www.messinaoggi.it\/website\/2022\/09\/16\/speranza-la-pandemia-non-e-finita-ma-siamo-sulla-strada-giusta\/"},"modified":"2022-09-16T10:25:07","modified_gmt":"2022-09-16T08:25:07","slug":"speranza-la-pandemia-non-e-finita-ma-siamo-sulla-strada-giusta","status":"publish","type":"post","link":"https:\/\/www.messinaoggi.it\/website\/2022\/09\/16\/speranza-la-pandemia-non-e-finita-ma-siamo-sulla-strada-giusta\/","title":{"rendered":"Speranza \u201cLa pandemia non \u00e8 finita ma siamo sulla strada giusta\u201d"},"content":{"rendered":"<div>MILANO (ITALPRESS) &#8211; &#8220;Siamo sulla strada giusta, la pandemia non \u00e8 finita. Perch\u00e8 rispetto al passato abbiamo armi e strumenti che non avevamo, il primo di questi \u00e8 il vaccino. Sono aggiornati alla variante Omicron. L&#8217;Italia \u00e8 tra i Paesi con il pi\u00f9 alto tasso di vaccinazione, ma questo amico invisibile \u00e8 molto insidioso. Facciamo attenzione&#8221;. Lo dice il ministro della Salute Roberto Speranza (leader di Articolo 1), ospite in Non stop news con Barbara Sala, Luigi Santarelli e Giusi Legrenzi. <br \/>Il tema della campagna vaccinale &#8220;deve essere patrimonio del Paese: \u00e8 patrimonio di tutti. Dovremmo dire tutti insieme, senza distinzione, qualsiasi cosa accada si andr\u00e0 avanti con i vaccini. Occorre difendere i pi\u00f9 anziani o i pi\u00f9 deboli. L&#8217;ho chiesta da settimane, ma molti leader sono molto ambigui. Letta ha detto la stessa cosa: la campagna di vaccinazione andr\u00e0 avanti. Da Meloni, Salvini e altri leader vedo un tratto di ambiguit\u00e0. Grazie ai vaccini oggi abbiamo una vita molto simile a prima del Covid. Chiedo che con chiarezza, a Meloni e Salvini, che la campagna continui dopo il 26 settembre. Forse strizzano l&#8217;occhio a qualche no vax? Meloni e Salvini devono dire una parola chiara sulla campagna vaccinale&#8221;.<br \/>La quarta dose sar\u00e0 estesa a tutti? &#8220;In questo momento, secondo le autorit\u00e0 scientifiche, \u00e8 raccomandata agli over 60 anni e agli immuni compromessi. Da pochi giorni sono disponibili i vaccini aggiornati, il mio appello \u00e8 netto: siamo in una situazione migliore, ma occorre proteggersi. Per le categorie over 60 e i fragili immunodepressi devono vaccinarsi, gi\u00e0 3 milioni di persone hanno fatto la quarta dose&#8221;. <br \/>(ITALPRESS).<br \/>-foto agenziafotogramma.it-<\/div>\n<div id=\"div-gpt-ad-Messinaoggi.it-DSK-300x250-corpoart\" style=\"text-align:center;margin:0 auto;\"><\/div><\/p><div id=\"videoincontent\" style=\"clear:both\";><\/div>","protected":false},"excerpt":{"rendered":"<p>MILANO (ITALPRESS) &#8211; &#8220;Siamo sulla strada giusta, la pandemia non \u00e8 finita. Perch\u00e8 rispetto al passato abbiamo armi e strumenti che non avevamo, il primo di questi \u00e8 il vaccino. Sono aggiornati alla variante Omicron. L&#8217;Italia \u00e8 tra i Paesi con il pi\u00f9 alto tasso di vaccinazione, ma questo amico invisibile \u00e8 molto insidioso. Facciamo [&hellip;]<\/p>\n","protected":false},"author":18,"featured_media":121852,"comment_status":"closed","ping_status":"closed","sticky":false,"template":"","format":"standard","meta":{"ub_ctt_via":"","_mi_skip_tracking":false},"categories":[221,446],"tags":[783],"featured_image_src":"https:\/\/www.messinaoggi.it\/website\/wp-content\/uploads\/2022\/09\/20220916_0103.jpg","author_info":{"display_name":"Admin","author_link":"https:\/\/www.messinaoggi.it\/website\/author\/admin\/"},"digistream_id":0,"digistream":false,"_links":{"self":[{"href":"https:\/\/www.messinaoggi.it\/website\/wp-json\/wp\/v2\/posts\/121851"}],"collection":[{"href":"https:\/\/www.messinaoggi.it\/website\/wp-json\/wp\/v2\/posts"}],"about":[{"href":"https:\/\/www.messinaoggi.it\/website\/wp-json\/wp\/v2\/types\/post"}],"author":[{"embeddable":true,"href":"https:\/\/www.messinaoggi.it\/website\/wp-json\/wp\/v2\/users\/18"}],"replies":[{"embeddable":true,"href":"https:\/\/www.messinaoggi.it\/website\/wp-json\/wp\/v2\/comments?post=121851"}],"version-history":[{"count":1,"href":"https:\/\/www.messinaoggi.it\/website\/wp-json\/wp\/v2\/posts\/121851\/revisions"}],"predecessor-version":[{"id":121855,"href":"https:\/\/www.messinaoggi.it\/website\/wp-json\/wp\/v2\/posts\/121851\/revisions\/121855"}],"wp:featuredmedia":[{"embeddable":true,"href":"https:\/\/www.messinaoggi.it\/website\/wp-json\/wp\/v2\/media\/121852"}],"wp:attachment":[{"href":"https:\/\/www.messinaoggi.it\/website\/wp-json\/wp\/v2\/media?parent=121851"}],"wp:term":[{"taxonomy":"category","embeddable":true,"href":"https:\/\/www.messinaoggi.it\/website\/wp-json\/wp\/v2\/categories?post=121851"},{"taxonomy":"post_tag","embeddable":true,"href":"https:\/\/www.messinaoggi.it\/website\/wp-json\/wp\/v2\/tags?post=121851"}],"curies":[{"name":"wp","href":"https:\/\/api.w.org\/{rel}","templated":true}]}}