{"id":12180,"date":"2017-11-29T15:31:12","date_gmt":"2017-11-29T14:31:12","guid":{"rendered":"http:\/\/www.messinaoggi.it\/website\/?p=12180"},"modified":"2017-11-29T15:31:12","modified_gmt":"2017-11-29T14:31:12","slug":"focus-politico-amministrativo-su-ente-teatro-seduta-ad-hoc-viii-commissione-il-30","status":"publish","type":"post","link":"https:\/\/www.messinaoggi.it\/website\/2017\/11\/29\/focus-politico-amministrativo-su-ente-teatro-seduta-ad-hoc-viii-commissione-il-30\/","title":{"rendered":"Focus politico-amministrativo su Ente Teatro, Seduta ad hoc VIII Commissione il 30"},"content":{"rendered":"<p style=\"text-align: justify\">La situazione politico-amministrativa del Teatro Vittorio Emanuele non pu\u00f2 non colpire i lavori dell\u2019VIII Commissione consiliare (cultura, sport, spettacoli, politiche giovanili, identit\u00e0 e turismo).<div id=\"div-gpt-ad-Messinaoggi.it-DSK-300x250-corpoart\" style=\"text-align:center;margin:0 auto;\"><\/div><\/p>\n<p style=\"text-align: justify\">Si terr\u00e0 domani, gioved\u00ec 30, alle ore 10.30, in prima convocazione e alle 11.30, in seconda, nell\u2019Aula consiliare di Palazzo Zanca, la seduta ordinaria presieduta dal consigliere comunale, Pietro Adamo, con all\u2019ordine del giorno \u201cE.A.R. Teatro di Messina con le sue Prospettive e problematiche\u201d, in materia di bilanci e sorti dei vertici nello sviluppo culturale ed economico della citt\u00e0. Sono stati invitati a partecipare all\u2019incontro il sindaco, Renato Accorinti, l\u2019assessore alla Cultura, Federico Alagna, il Presidente dell\u2019E.A.R. Teatro di Messina, Luciano Fiorino e il Sovrintendente, Egidio Bernava.<div id=\"videoincontent\" style=\"clear:both\";><\/div><\/p>\n<p style=\"text-align: right\"><strong>Foto Rocco Papandrea\u00a0<\/strong><\/p>\n","protected":false},"excerpt":{"rendered":"<p>La situazione politico-amministrativa del Teatro Vittorio Emanuele non pu\u00f2 non colpire i lavori dell\u2019VIII Commissione consiliare (cultura, sport, spettacoli, politiche giovanili, identit\u00e0 e turismo). Si terr\u00e0 domani, gioved\u00ec 30, alle ore 10.30, in prima convocazione e alle 11.30, in seconda, nell\u2019Aula consiliare di Palazzo Zanca, la seduta ordinaria presieduta dal consigliere comunale, Pietro Adamo, con [&hellip;]<\/p>\n","protected":false},"author":7,"featured_media":9481,"comment_status":"closed","ping_status":"open","sticky":false,"template":"","format":"standard","meta":{"ub_ctt_via":"","_mi_skip_tracking":false},"categories":[4],"tags":[],"featured_image_src":"https:\/\/www.messinaoggi.it\/website\/wp-content\/uploads\/2017\/10\/bernava-fiorinoRRP_0029.jpg","author_info":{"display_name":"Redazione1","author_link":"https:\/\/www.messinaoggi.it\/website\/author\/redazione1\/"},"digistream_id":0,"digistream":false,"_links":{"self":[{"href":"https:\/\/www.messinaoggi.it\/website\/wp-json\/wp\/v2\/posts\/12180"}],"collection":[{"href":"https:\/\/www.messinaoggi.it\/website\/wp-json\/wp\/v2\/posts"}],"about":[{"href":"https:\/\/www.messinaoggi.it\/website\/wp-json\/wp\/v2\/types\/post"}],"author":[{"embeddable":true,"href":"https:\/\/www.messinaoggi.it\/website\/wp-json\/wp\/v2\/users\/7"}],"replies":[{"embeddable":true,"href":"https:\/\/www.messinaoggi.it\/website\/wp-json\/wp\/v2\/comments?post=12180"}],"version-history":[{"count":0,"href":"https:\/\/www.messinaoggi.it\/website\/wp-json\/wp\/v2\/posts\/12180\/revisions"}],"wp:featuredmedia":[{"embeddable":true,"href":"https:\/\/www.messinaoggi.it\/website\/wp-json\/wp\/v2\/media\/9481"}],"wp:attachment":[{"href":"https:\/\/www.messinaoggi.it\/website\/wp-json\/wp\/v2\/media?parent=12180"}],"wp:term":[{"taxonomy":"category","embeddable":true,"href":"https:\/\/www.messinaoggi.it\/website\/wp-json\/wp\/v2\/categories?post=12180"},{"taxonomy":"post_tag","embeddable":true,"href":"https:\/\/www.messinaoggi.it\/website\/wp-json\/wp\/v2\/tags?post=12180"}],"curies":[{"name":"wp","href":"https:\/\/api.w.org\/{rel}","templated":true}]}}