{"id":121736,"date":"2022-09-15T12:47:51","date_gmt":"2022-09-15T10:47:51","guid":{"rendered":"https:\/\/www.messinaoggi.it\/website\/2022\/09\/15\/aeroporto-di-catania-via-libera-al-riconoscimento-facciale-per-linate\/"},"modified":"2022-09-15T12:47:51","modified_gmt":"2022-09-15T10:47:51","slug":"aeroporto-di-catania-via-libera-al-riconoscimento-facciale-per-linate","status":"publish","type":"post","link":"https:\/\/www.messinaoggi.it\/website\/2022\/09\/15\/aeroporto-di-catania-via-libera-al-riconoscimento-facciale-per-linate\/","title":{"rendered":"Aeroporto di Catania, Via libera al riconoscimento facciale per Linate"},"content":{"rendered":"<div>\n<p>CATANIA (ITALPRESS) \u2013 Parte il riconoscimento facciale per check in e imbarco dei voli Ita da Catania a Linate: Fontanarossa \u00e8 il terzo scalo in Italia, dopo Roma e Milano, a sperimentare la tecnologia che consente di velocizzare in modo significativo le procedure di identificazione e ingresso in aereo per i passeggeri consentendo il rispetto delle norme igienico-sanitarie, dato che non sar\u00e0 pi\u00f9 necessario esibire e toccare alcun documento. \u201cL\u2019aeroporto di Catania diventa ancora pi\u00f9 tecnologico e all\u2019avanguardia \u2013 ha spiegato in conferenza stampa l\u2019Ad della Sac Nico Torrisi \u2013 grazie ad una virtuosa collaborazione con Ita Airways, \u00e8 gi\u00e0 attivo il sofisticato sistema di riconoscimento biometrico del volto, che vale sia per l\u2019ingresso allo scalo e superamento del controlli di sicurezza che per il boarding\u201d. Baster\u00e0 registrarsi per la prima volta, in un apposito corner posizionato vicino al varco vip di Ita, scaricare un\u2019app che permetter\u00e0 per i prossimi tre mesi in automatico la verifica dell\u2019identit\u00e0 del viaggiatore con l\u2019apertura dei tornelli, mostrando il viso. \u201cSar\u00e0 un periodo di prova \u2013 ha aggiunto Antonio Palumbo, responsabile sistemi informatici Sac \u2013 ma l\u2019intento \u00e8 estendere questo innovativo servizio a pi\u00f9 vettori e pi\u00f9 destinazioni, dunque ad un numero di  passeggeri pi\u00f9 alto possibile\u201d.Si velocizza anche il fotovoltaico: \u201cStiamo  completando la copertura del parcheggio p4 con pannelli fotovoltaici \u2013 ha spiegato Giancarlo Guerrera, ingegnere accountable manager Sac- ma passer\u00e0 circa un anno per renderlo operativo tra autorizzazioni, allacci, ecc con un recupero di energia di 3 giga watt utile per l\u2019abbattimento totale del costo mensile\u201d. Intanto a luglio l\u2019aumento dei costi della luce si \u00e8 abbattuto anche sullo scalo catanese che ha ricevuto una bolletta da 1 milione di euro rispetto alla media di 300mila, dunque una spesa triplicata. \u201cPer questa ragione il nostro obiettivo \u00e8 riempire tutti gli spazi possibili di fotovoltaico per renderci totalmente autonomi in futuro \u2013 ha continuato Guerrera \u2013 a questo si aggiunge il progetto relativo all\u2019idrogeno gi\u00e0 previsto da tempo\u201d. Intanto la crescita di Fontanarossa \u00e8 evidente: i numeri forniti da Aci Europe parlano chiaro, si tratta del secondo aeroporto d\u2019Europa in crescita (per tipologia d aeroporto fascia da 10\/25 milioni) con un tasso di incremento del 2%. Al 31 agosto 2022 rispetto all\u2019anno precedente i passeggeri sono passati da oltre 3milioni a oltre 6, dunque grande ripresa dopo il periodo pandemico e si spera di arrivare entro la fine dell\u2019anno a 10 milioni. Torrisi ha poi accennato ad altri progetti pronti tra cui il raddoppio del parcheggio p2, la riqualificazione di via Fontanarossa, altre progettualit\u00e0 che fanno parte del Masterplan, la ristrutturazione dei servizi igienici. Infine l\u2019invito ai passeggeri ad un maggiore  senso di civilt\u00e0 ricordando che non serve parcheggiare in doppia fila o sui marciapiedi dato che 15 minuti di sosta sono gratuiti nelle apposite aeree.(ITALPRESS).<div id=\"div-gpt-ad-Messinaoggi.it-DSK-300x250-corpoart\" style=\"text-align:center;margin:0 auto;\"><\/div><\/p>\n<p>Photo credits: xd9<div id=\"videoincontent\" style=\"clear:both\";><\/div><\/p>\n<\/div>\n","protected":false},"excerpt":{"rendered":"<p>CATANIA (ITALPRESS) \u2013 Parte il riconoscimento facciale per check in e imbarco dei voli Ita da Catania a Linate: Fontanarossa \u00e8 il terzo scalo in Italia, dopo Roma e Milano, a sperimentare la tecnologia che consente di velocizzare in modo significativo le procedure di identificazione e ingresso in aereo per i passeggeri consentendo il rispetto [&hellip;]<\/p>\n","protected":false},"author":18,"featured_media":121737,"comment_status":"closed","ping_status":"closed","sticky":false,"template":"","format":"standard","meta":{"ub_ctt_via":"","_mi_skip_tracking":false},"categories":[2449],"tags":[783],"featured_image_src":"https:\/\/www.messinaoggi.it\/website\/wp-content\/uploads\/2022\/09\/20220915_0500.jpg","author_info":{"display_name":"Admin","author_link":"https:\/\/www.messinaoggi.it\/website\/author\/admin\/"},"digistream_id":0,"digistream":false,"_links":{"self":[{"href":"https:\/\/www.messinaoggi.it\/website\/wp-json\/wp\/v2\/posts\/121736"}],"collection":[{"href":"https:\/\/www.messinaoggi.it\/website\/wp-json\/wp\/v2\/posts"}],"about":[{"href":"https:\/\/www.messinaoggi.it\/website\/wp-json\/wp\/v2\/types\/post"}],"author":[{"embeddable":true,"href":"https:\/\/www.messinaoggi.it\/website\/wp-json\/wp\/v2\/users\/18"}],"replies":[{"embeddable":true,"href":"https:\/\/www.messinaoggi.it\/website\/wp-json\/wp\/v2\/comments?post=121736"}],"version-history":[{"count":0,"href":"https:\/\/www.messinaoggi.it\/website\/wp-json\/wp\/v2\/posts\/121736\/revisions"}],"wp:featuredmedia":[{"embeddable":true,"href":"https:\/\/www.messinaoggi.it\/website\/wp-json\/wp\/v2\/media\/121737"}],"wp:attachment":[{"href":"https:\/\/www.messinaoggi.it\/website\/wp-json\/wp\/v2\/media?parent=121736"}],"wp:term":[{"taxonomy":"category","embeddable":true,"href":"https:\/\/www.messinaoggi.it\/website\/wp-json\/wp\/v2\/categories?post=121736"},{"taxonomy":"post_tag","embeddable":true,"href":"https:\/\/www.messinaoggi.it\/website\/wp-json\/wp\/v2\/tags?post=121736"}],"curies":[{"name":"wp","href":"https:\/\/api.w.org\/{rel}","templated":true}]}}