{"id":121715,"date":"2022-09-15T08:02:53","date_gmt":"2022-09-15T06:02:53","guid":{"rendered":"https:\/\/www.messinaoggi.it\/website\/2022\/09\/15\/anniversario-dellomicidio-del-beato-puglisi-palermo-ricorda-il-prete-antimafia\/"},"modified":"2022-09-15T08:02:53","modified_gmt":"2022-09-15T06:02:53","slug":"anniversario-dellomicidio-del-beato-puglisi-palermo-ricorda-il-prete-antimafia","status":"publish","type":"post","link":"https:\/\/www.messinaoggi.it\/website\/2022\/09\/15\/anniversario-dellomicidio-del-beato-puglisi-palermo-ricorda-il-prete-antimafia\/","title":{"rendered":"Anniversario dell\u2019omicidio del beato Puglisi, Palermo ricorda il prete antimafia"},"content":{"rendered":"<div>\n<p>PALERMO (ITALPRESS) \u2013 Ricorre oggi il 29esimo anniversario della morte di padre Pino Puglisi, ucciso da Cosa nostra il 15 settembre 1993 a Palermo. <br \/>Parroco presso la Chiesa di San Gaetano nel quartiere palermitano di Brancaccio, Don Pino Puglisi, oggi Beato, venne assassinato la sera del 15 settembre 1993, giorno del suo 56esimo compleanno, dal killer di Cosa nostra Salvatore Grigoli che nel 1997, dopo il suo arresto, confess\u00f2 46 omicidi, tra cui quello di Don Puglisi. La causa di beatificazione venne introdotta nel 1999 dall\u2019allora arcivescovo di Palermo il Cardinale Salvatore De Giorgi. Il 28 giugno 2012 Papa Benedetto XVI promulg\u00f2 il decreto di beatificazione \u201cSuper martyrio in odium fidei\u201d. Il 25 maggio del 2013 don Pino Puglisi \u00e8 stato proclamato Beato.<br \/>Le spoglie del Beato Puglisi riposano in un monumento funebre che ricorda una spiga di grano ai piedi dell\u2019altare della cappella dell\u2019Immacolata Concezione nella Chiesa Cattedrale di Palermo.<br \/>Tra le iniziative promosse per ricordare il prete antimafia, fondatore del centro di accoglienza Padre Nostro, avr\u00e0 luogo alle ore 18 nella Cattedrale di Palermo la celebrazione per l\u2019inizio dell\u2019Anno Pastorale. Presieder\u00e0 l\u2019arcivescovo, monsignor Corrado Lorefice.<br \/>Nel corso della celebrazione, animata dagli insegnanti di religione e delle altre discipline delle scuole delll\u2019Arcidiocesi e dai docenti della Scuola Teologica di Base, sar\u00e0 consegnata la Lettera dell\u2019Arcivescovo \u201cFino al compimento dell\u2019amore\u201d per l\u2019apertura del XXX Anniversario dell\u2019uccisione del Beato Giuseppe Puglisi (1993-2023).<br \/>\u201cMi rivolgo a voi, grande comunit\u00e0 di uomini e donne che la storia ha posto sui solchi dolorosi ma fecondi scavati dalle orme di decine di martiri, i martiri della spietata violenza generata dalla sopraffazione della cultura mafiosa \u2013 scrive l\u2019arcivescovo di Palermo nella lettera -. Oggi varchiamo insieme la soglia del trentesimo anno dall\u2019uccisione del Beato Padre Pino Puglisi e camminando ancora lungo quei solchi che il tempo non ha eroso n\u00e8 inaridito, ne ammiriamo i frutti, che siamo noi stessi, noi che tanto desideriamo vivere nel mondo come umili testimoni dell\u2019esempio che abbiamo ricevuto e abbiamo accolto\u201d. <br \/>\u201cTrent\u2019anni dopo, il martire Giuseppe Puglisi continua ad accompagnare la sua e nostra Chiesa. Egli \u00e8 ci\u00f2 che la Chiesa deve essere, la conferma nel dono dello Spirito\u201d, sottolinea monsignor Lorefice, aggiungendo: \u201cI martiri sono coloro che rinnovano con la propria vita l\u2019annuncio del Regno, il segno grande dell\u2019amore che feconda il mondo, per donare nuovamente a Dio gli spazi dell\u2019esistenza attraverso sguardi trasfigurati, rivolti all\u2019 \u2018eminente dignit\u00e0 dei pover\u00ec (Jacques B\u00e8nigne Bossuet) e dei sofferenti\u201d.<br \/>\u201cA lungo \u2013 si legge nella lettera \u2013 Don Pino aveva cercato le strade per aiutare l\u2019uomo. E alla fine era ritornato all\u2019inizio, al principio: alla Parola di Dio e alla vita consegnata ai fratelli: \u2018Vigila attentamente, sappi sopportare le sofferenze, compi la tua opera di annunziatore del Vangelo, adempi il tuo minister\u00f2 (2Tm 4,5). Uno di noi, Don Pino, impegnato lungo le strade della vita a sopportare le sofferenze sue e dei fratelli, impegnato sulle strade della citt\u00e0 ad adempiere con umilt\u00e0 il suo ministero\u201d.<br \/>\u201cNon posso non ricordare a me stesso e a tutti noi \u2013 sottolinea l\u2019arcivescovo \u2013 che in questo stesso giorno, quattro anni fa, Papa Francesco \u00e8 venuto a inaugurare idealmente il nostro metterci in cammino sui passi di Padre Pino. Lo ha fatto venendo a visitare le case di Brancaccio e indicandoci subito la sedia rotta nella saletta del nostro Beato: continua a dirci, Padre Pino, che il luogo in cui dobbiamo collocarci non \u00e8 una poltrona, non \u00e8 una stanza chiusa, ma \u00e8 fuori, tra le strade, l\u00e0 dove gli uomini costruiscono la storia, affinch\u00e8 sia una storia pienamente umana, secondo il desiderio di Dio. Continua a dirci, Don Pino, che scoprire la gioia di questa fatica, la gioia della condivisione di questi passi, anche quando sono sofferti, e di questo pane, anche quando \u00e8 misero, \u00e8 ci\u00f2 che scatena la ribellione del male che vuole invece, per il pane, mettere gli uomini l\u2019uno contro l\u2019altro: l\u2019uno pronto ad usare l\u2019altro, a distruggere l\u2019altro, a praticare la fallace arroganza del dare la vita e la morte all\u2019altro. Il male prova a blandirci, a insinuarci il dubbio che sar\u00e0 questo a renderci felici: la mafia \u00e8 stata ed \u00e8 per la nostra Palermo, la pi\u00f9 grande illusione di felicit\u00e0. Ma noi che abbiamo conosciuto Padre Pino, sappiamo distinguere ci\u00f2 che \u00e8 vero da ci\u00f2 che \u00e8 illusorio, sappiamo che la vera felicit\u00e0 sta nel riconoscerci per quello che siamo: fratelli, umani tra umani, creature che nessun avere o potere render\u00e0 creatori\u201d.<br \/>\u201cPadre Pino Puglisi e con lui tutti i martiri della mafia in questa nostra citt\u00e0, in questa nostra diocesi, sono un dono per noi: intonano con gioia per l\u2019intera umanit\u00e0 il canto nuovo \u2013 attorno al trono dell\u2019Agnello -, il canto della Pasqua, che nasce dalla certezza che ogni vittima per amore vincer\u00e0 sul male e sulla morte e ogni piccolo, ogni povero erediter\u00e0 il regno dei cieli\u201d, sottolinea l\u2019arcivescovo di Palermo, monsignor Corrado Lorefice.<br \/>credit photo agenziafotogramma.it<br \/>(ITALPRESS).<div id=\"div-gpt-ad-Messinaoggi.it-DSK-300x250-corpoart\" style=\"text-align:center;margin:0 auto;\"><\/div><\/p>\n<\/div>\n<div id=\"videoincontent\" style=\"clear:both\";><\/div>","protected":false},"excerpt":{"rendered":"<p>PALERMO (ITALPRESS) \u2013 Ricorre oggi il 29esimo anniversario della morte di padre Pino Puglisi, ucciso da Cosa nostra il 15 settembre 1993 a Palermo. Parroco presso la Chiesa di San Gaetano nel quartiere palermitano di Brancaccio, Don Pino Puglisi, oggi Beato, venne assassinato la sera del 15 settembre 1993, giorno del suo 56esimo compleanno, dal [&hellip;]<\/p>\n","protected":false},"author":18,"featured_media":121716,"comment_status":"closed","ping_status":"closed","sticky":false,"template":"","format":"standard","meta":{"ub_ctt_via":"","_mi_skip_tracking":false},"categories":[2449],"tags":[783],"featured_image_src":"https:\/\/www.messinaoggi.it\/website\/wp-content\/uploads\/2022\/09\/20220915_0067.jpg","author_info":{"display_name":"Admin","author_link":"https:\/\/www.messinaoggi.it\/website\/author\/admin\/"},"digistream_id":0,"digistream":false,"_links":{"self":[{"href":"https:\/\/www.messinaoggi.it\/website\/wp-json\/wp\/v2\/posts\/121715"}],"collection":[{"href":"https:\/\/www.messinaoggi.it\/website\/wp-json\/wp\/v2\/posts"}],"about":[{"href":"https:\/\/www.messinaoggi.it\/website\/wp-json\/wp\/v2\/types\/post"}],"author":[{"embeddable":true,"href":"https:\/\/www.messinaoggi.it\/website\/wp-json\/wp\/v2\/users\/18"}],"replies":[{"embeddable":true,"href":"https:\/\/www.messinaoggi.it\/website\/wp-json\/wp\/v2\/comments?post=121715"}],"version-history":[{"count":0,"href":"https:\/\/www.messinaoggi.it\/website\/wp-json\/wp\/v2\/posts\/121715\/revisions"}],"wp:featuredmedia":[{"embeddable":true,"href":"https:\/\/www.messinaoggi.it\/website\/wp-json\/wp\/v2\/media\/121716"}],"wp:attachment":[{"href":"https:\/\/www.messinaoggi.it\/website\/wp-json\/wp\/v2\/media?parent=121715"}],"wp:term":[{"taxonomy":"category","embeddable":true,"href":"https:\/\/www.messinaoggi.it\/website\/wp-json\/wp\/v2\/categories?post=121715"},{"taxonomy":"post_tag","embeddable":true,"href":"https:\/\/www.messinaoggi.it\/website\/wp-json\/wp\/v2\/tags?post=121715"}],"curies":[{"name":"wp","href":"https:\/\/api.w.org\/{rel}","templated":true}]}}