{"id":121627,"date":"2022-09-14T16:03:12","date_gmt":"2022-09-14T14:03:12","guid":{"rendered":"https:\/\/www.messinaoggi.it\/website\/2022\/09\/14\/contro-il-covid-nuove-speranze-da-un-antivirale-ad-ampio-spettro\/"},"modified":"2022-09-14T16:03:12","modified_gmt":"2022-09-14T14:03:12","slug":"contro-il-covid-nuove-speranze-da-un-antivirale-ad-ampio-spettro","status":"publish","type":"post","link":"https:\/\/www.messinaoggi.it\/website\/2022\/09\/14\/contro-il-covid-nuove-speranze-da-un-antivirale-ad-ampio-spettro\/","title":{"rendered":"Contro il Covid nuove speranze da un antivirale ad ampio spettro"},"content":{"rendered":"<div>\n<p>PALERMO (ITALPRESS) \u2013 Un antivirale ad ampio spettro che pu\u00f2 diventare un\u2019arma preziosa per affrontare il Covid-19 ma anche nuove pandemie. E\u2019 il frutto di un progetto di cooperazione internazionale che ha tra i protagonisti gli atenei di Torino, Messina e Padova, che lavoreranno con il Karolinska Institutet e l\u2019Universit\u00e0 di Uppsala. L\u2019iniziativa \u00e8 stata finanziata dalla NATO nell\u2019ambito di VIPER, un progetto di cooperazione e di ricerca scientifica tra Italia e Svezia.<br \/>\u201cE\u2019 un progetto che ci permette di sviluppare una molecola, MEDS433, capace di bloccare la replicazione di diversi virus, primo tra tutti il Sars-Cov-2 \u2013 spiega Anna Piperno, docente di Chimica organica all\u2019Universit\u00e0 di Messina -. L\u2019Universit\u00e0 di Messina in questo progetto collabora con l\u2019Universit\u00e0 di Torino nel formulare questa molecola e nel renderla somministrabile per via orale oppure per via parenterale. Nel progetto di ricerca \u00e8 coinvolto il Karolinska Institutet in Svezia, che \u00e8 nostro partner, e in questo istituto andremo a finalizzare la parte pre-clinica del progetto, perch\u00e8 faremo i test su animali infetti da Sars Cov-2\u201d.<br \/>Il progetto \u00e8 stato finanziato con 300 mila euro dalla Nato, ha preso il via lo scorso 30 giugno e avr\u00e0 una durata di 27 mesi.<br \/>\u201cIl meccanismo di azione di questa molecola non \u00e8 limitato solo al virus del Sars-Cov-2 ma la genialit\u00e0 di questa intuizione \u00e8 proprio quella di andare ad agire sul minimo comune denominatore della replicazione dei virus \u2013 sottolinea Mario La Rocca, direttore generale del Dipartimento Pianificazione Strategica dell\u2019assessorato alla Salute della Regione Siciliana -. Questa ricerca porter\u00e0, attraverso una fase di sperimentazione anche sull\u2019uomo, a un sistema sanitario migliore in grado di affrontare nuove e diverse pandemie\u201d.<div id=\"div-gpt-ad-Messinaoggi.it-DSK-300x250-corpoart\" style=\"text-align:center;margin:0 auto;\"><\/div><\/p>\n<p>\u2013 foto Agenziafotogramma.it \u2013<div id=\"videoincontent\" style=\"clear:both\";><\/div><\/p>\n<p>(ITALPRESS).<\/p>\n<\/div>\n","protected":false},"excerpt":{"rendered":"<p>PALERMO (ITALPRESS) \u2013 Un antivirale ad ampio spettro che pu\u00f2 diventare un\u2019arma preziosa per affrontare il Covid-19 ma anche nuove pandemie. E\u2019 il frutto di un progetto di cooperazione internazionale che ha tra i protagonisti gli atenei di Torino, Messina e Padova, che lavoreranno con il Karolinska Institutet e l\u2019Universit\u00e0 di Uppsala. L\u2019iniziativa \u00e8 stata [&hellip;]<\/p>\n","protected":false},"author":18,"featured_media":121628,"comment_status":"closed","ping_status":"closed","sticky":false,"template":"","format":"standard","meta":{"ub_ctt_via":"","_mi_skip_tracking":false},"categories":[2449],"tags":[783],"featured_image_src":"https:\/\/www.messinaoggi.it\/website\/wp-content\/uploads\/2022\/09\/20220914_1346.jpg","author_info":{"display_name":"Admin","author_link":"https:\/\/www.messinaoggi.it\/website\/author\/admin\/"},"digistream_id":0,"digistream":false,"_links":{"self":[{"href":"https:\/\/www.messinaoggi.it\/website\/wp-json\/wp\/v2\/posts\/121627"}],"collection":[{"href":"https:\/\/www.messinaoggi.it\/website\/wp-json\/wp\/v2\/posts"}],"about":[{"href":"https:\/\/www.messinaoggi.it\/website\/wp-json\/wp\/v2\/types\/post"}],"author":[{"embeddable":true,"href":"https:\/\/www.messinaoggi.it\/website\/wp-json\/wp\/v2\/users\/18"}],"replies":[{"embeddable":true,"href":"https:\/\/www.messinaoggi.it\/website\/wp-json\/wp\/v2\/comments?post=121627"}],"version-history":[{"count":0,"href":"https:\/\/www.messinaoggi.it\/website\/wp-json\/wp\/v2\/posts\/121627\/revisions"}],"wp:featuredmedia":[{"embeddable":true,"href":"https:\/\/www.messinaoggi.it\/website\/wp-json\/wp\/v2\/media\/121628"}],"wp:attachment":[{"href":"https:\/\/www.messinaoggi.it\/website\/wp-json\/wp\/v2\/media?parent=121627"}],"wp:term":[{"taxonomy":"category","embeddable":true,"href":"https:\/\/www.messinaoggi.it\/website\/wp-json\/wp\/v2\/categories?post=121627"},{"taxonomy":"post_tag","embeddable":true,"href":"https:\/\/www.messinaoggi.it\/website\/wp-json\/wp\/v2\/tags?post=121627"}],"curies":[{"name":"wp","href":"https:\/\/api.w.org\/{rel}","templated":true}]}}