{"id":121624,"date":"2022-09-14T15:32:52","date_gmt":"2022-09-14T13:32:52","guid":{"rendered":"https:\/\/www.messinaoggi.it\/website\/2022\/09\/14\/armao-il-terzo-polo-e-lago-della-bilancia\/"},"modified":"2022-09-14T15:32:52","modified_gmt":"2022-09-14T13:32:52","slug":"armao-il-terzo-polo-e-lago-della-bilancia","status":"publish","type":"post","link":"https:\/\/www.messinaoggi.it\/website\/2022\/09\/14\/armao-il-terzo-polo-e-lago-della-bilancia\/","title":{"rendered":"Armao \u201cIl Terzo Polo \u00e8 l\u2019ago della bilancia\u201d"},"content":{"rendered":"<div>\n<p>PALERMO (ITALPRESS) \u2013 \u201cIl terzo polo, che raggruppa la lista Azione con Calenda e Italia Viva di Renzi, si propone a Roma come in Sicilia come l\u2019ago della bilancia, la forza di equilibrio tra due schieramenti che sembrano sempre pi\u00f9 andare a gambe all\u2019aria, con conflitti interni e litigiosit\u00e0 che poi in Sicilia assumono connotati ancor pi\u00f9 paradossali\u201d.  Lo ha detto il candidato alla presidenza della Regione siciliana, Gaetano Armao a margine di un conferenza stampa nel suo comitato elettorale a Palermo.  \u201cBasti pensare a quello che \u00e8 successo a sinistra con le primarie fatte insieme da Pd e Cinque Stelle e poi la lite del giorno dopo\u201d, ha aggiunto, \u201ce allo stato permanente di litigiosit\u00e0 che connota il centro destra dove c\u2019\u00e8 il presidente dell\u2019Ars Miccich\u00e8 che vuole fare gi\u00e0 l\u2019assessore alla Salute, si \u00e8 gi\u00e0 prenotato il posto, e il presidente Schifani, non essendo il felino che cerca Miccich\u00e8, ha sottolineato che cerca uomini competenti\u201d. <br \/>foto xd5 Italpress<br \/>(ITALPRESS).<div id=\"div-gpt-ad-Messinaoggi.it-DSK-300x250-corpoart\" style=\"text-align:center;margin:0 auto;\"><\/div><\/p>\n<\/div>\n<div id=\"videoincontent\" style=\"clear:both\";><\/div>","protected":false},"excerpt":{"rendered":"<p>PALERMO (ITALPRESS) \u2013 \u201cIl terzo polo, che raggruppa la lista Azione con Calenda e Italia Viva di Renzi, si propone a Roma come in Sicilia come l\u2019ago della bilancia, la forza di equilibrio tra due schieramenti che sembrano sempre pi\u00f9 andare a gambe all\u2019aria, con conflitti interni e litigiosit\u00e0 che poi in Sicilia assumono connotati [&hellip;]<\/p>\n","protected":false},"author":18,"featured_media":121625,"comment_status":"closed","ping_status":"closed","sticky":false,"template":"","format":"standard","meta":{"ub_ctt_via":"","_mi_skip_tracking":false},"categories":[2449],"tags":[783],"featured_image_src":"https:\/\/www.messinaoggi.it\/website\/wp-content\/uploads\/2022\/09\/20220914_0931.jpg","author_info":{"display_name":"Admin","author_link":"https:\/\/www.messinaoggi.it\/website\/author\/admin\/"},"digistream_id":0,"digistream":false,"_links":{"self":[{"href":"https:\/\/www.messinaoggi.it\/website\/wp-json\/wp\/v2\/posts\/121624"}],"collection":[{"href":"https:\/\/www.messinaoggi.it\/website\/wp-json\/wp\/v2\/posts"}],"about":[{"href":"https:\/\/www.messinaoggi.it\/website\/wp-json\/wp\/v2\/types\/post"}],"author":[{"embeddable":true,"href":"https:\/\/www.messinaoggi.it\/website\/wp-json\/wp\/v2\/users\/18"}],"replies":[{"embeddable":true,"href":"https:\/\/www.messinaoggi.it\/website\/wp-json\/wp\/v2\/comments?post=121624"}],"version-history":[{"count":0,"href":"https:\/\/www.messinaoggi.it\/website\/wp-json\/wp\/v2\/posts\/121624\/revisions"}],"wp:featuredmedia":[{"embeddable":true,"href":"https:\/\/www.messinaoggi.it\/website\/wp-json\/wp\/v2\/media\/121625"}],"wp:attachment":[{"href":"https:\/\/www.messinaoggi.it\/website\/wp-json\/wp\/v2\/media?parent=121624"}],"wp:term":[{"taxonomy":"category","embeddable":true,"href":"https:\/\/www.messinaoggi.it\/website\/wp-json\/wp\/v2\/categories?post=121624"},{"taxonomy":"post_tag","embeddable":true,"href":"https:\/\/www.messinaoggi.it\/website\/wp-json\/wp\/v2\/tags?post=121624"}],"curies":[{"name":"wp","href":"https:\/\/api.w.org\/{rel}","templated":true}]}}