{"id":12162,"date":"2017-11-29T14:38:45","date_gmt":"2017-11-29T13:38:45","guid":{"rendered":"http:\/\/www.messinaoggi.it\/website\/?p=12162"},"modified":"2017-11-29T14:38:45","modified_gmt":"2017-11-29T13:38:45","slug":"amata-su-rivolta-sprar-curcuraci-convivenza-sregolata-in-zone-trascurate-da-istituzioni","status":"publish","type":"post","link":"https:\/\/www.messinaoggi.it\/website\/2017\/11\/29\/amata-su-rivolta-sprar-curcuraci-convivenza-sregolata-in-zone-trascurate-da-istituzioni\/","title":{"rendered":"Amata su rivolta Sprar Curcuraci: Convivenza sregolata in zone trascurate da istituzioni"},"content":{"rendered":"<p style=\"text-align: justify\">\u201cDisordini di questo genere inquietano e sono sempre correlati al disagio: sia quello che li ingenera sia quello che determinano. Intendo capire la situazione prima di pronunciarmi in modo netto.\u201d. <strong>Cos\u00ec, la neo eletta all\u2019Ars Elvira Amata circa la protesta dei migranti che accolti nello Sprar di Curcuraci, si sono rivoltati ieri mattina contro la gestione e il mancato ricevimento della quota giornaliera loro spettante.<\/strong><div id=\"div-gpt-ad-Messinaoggi.it-DSK-300x250-corpoart\" style=\"text-align:center;margin:0 auto;\"><\/div><\/p>\n<p style=\"text-align: justify\">\u201c<strong>Va da s\u00e9 che sia necessario comprendere se e quali diritti siano stati lesi in questo caso e individuare le responsabilit\u00e0 &#8211; giustifica la parlamentare di FdI<\/strong> -. Una volta per tutte, sarebbe appropriato che chi di dovere iniziasse a seguire con attenzione le dinamiche della vita di questi centri, nell\u2019interesse di chi vi \u00e8 ospite, degli operatori che sono attivi al loro interno e dei cittadini che vivono nelle zone in cui i centri sono ubicati. Una circostanza quest\u2019ultima, che non mi stancher\u00f2 mai di bollare come assurda: <strong>si \u00e8 imposta una convivenza sregolata spesso in zone che vivono gi\u00e0 problematiche sensibili e si vedono trascurate &#8211; se non abbandonate &#8211; dalle istituzioni, senza porsi il problema di come questa coesistenza vada gestita con la cittadinanza locale.&#8221;.<\/strong><div id=\"videoincontent\" style=\"clear:both\";><\/div><\/p>\n<p style=\"text-align: justify\">Bisogna evitare, secondo la Amata, che si verifichino situazioni di rivolta come quelle a cui nel nostro Paese (e anche a Messina) abbiamo gi\u00e0 assistito. E la memoria torna ai recenti fatti di Bisconte.<\/p>\n<p style=\"text-align: justify\">\u201cLe autorit\u00e0 hanno il dovere di tutelare i cittadini, non lo si dimentichi\u201d &#8211; conclude.<\/p>\n","protected":false},"excerpt":{"rendered":"<p>\u201cDisordini di questo genere inquietano e sono sempre correlati al disagio: sia quello che li ingenera sia quello che determinano. Intendo capire la situazione prima di pronunciarmi in modo netto.\u201d. Cos\u00ec, la neo eletta all\u2019Ars Elvira Amata circa la protesta dei migranti che accolti nello Sprar di Curcuraci, si sono rivoltati ieri mattina contro la [&hellip;]<\/p>\n","protected":false},"author":7,"featured_media":10426,"comment_status":"closed","ping_status":"open","sticky":false,"template":"","format":"standard","meta":{"ub_ctt_via":"","_mi_skip_tracking":false},"categories":[4],"tags":[],"featured_image_src":"https:\/\/www.messinaoggi.it\/website\/wp-content\/uploads\/2017\/10\/meloni-amata-RRP_1860.jpg","author_info":{"display_name":"Redazione1","author_link":"https:\/\/www.messinaoggi.it\/website\/author\/redazione1\/"},"digistream_id":0,"digistream":false,"_links":{"self":[{"href":"https:\/\/www.messinaoggi.it\/website\/wp-json\/wp\/v2\/posts\/12162"}],"collection":[{"href":"https:\/\/www.messinaoggi.it\/website\/wp-json\/wp\/v2\/posts"}],"about":[{"href":"https:\/\/www.messinaoggi.it\/website\/wp-json\/wp\/v2\/types\/post"}],"author":[{"embeddable":true,"href":"https:\/\/www.messinaoggi.it\/website\/wp-json\/wp\/v2\/users\/7"}],"replies":[{"embeddable":true,"href":"https:\/\/www.messinaoggi.it\/website\/wp-json\/wp\/v2\/comments?post=12162"}],"version-history":[{"count":0,"href":"https:\/\/www.messinaoggi.it\/website\/wp-json\/wp\/v2\/posts\/12162\/revisions"}],"wp:featuredmedia":[{"embeddable":true,"href":"https:\/\/www.messinaoggi.it\/website\/wp-json\/wp\/v2\/media\/10426"}],"wp:attachment":[{"href":"https:\/\/www.messinaoggi.it\/website\/wp-json\/wp\/v2\/media?parent=12162"}],"wp:term":[{"taxonomy":"category","embeddable":true,"href":"https:\/\/www.messinaoggi.it\/website\/wp-json\/wp\/v2\/categories?post=12162"},{"taxonomy":"post_tag","embeddable":true,"href":"https:\/\/www.messinaoggi.it\/website\/wp-json\/wp\/v2\/tags?post=12162"}],"curies":[{"name":"wp","href":"https:\/\/api.w.org\/{rel}","templated":true}]}}