{"id":121558,"date":"2022-09-14T09:17:55","date_gmt":"2022-09-14T07:17:55","guid":{"rendered":"https:\/\/www.messinaoggi.it\/website\/2022\/09\/14\/lagalla-scongiurato-laumento-dellirpef-a-palermo-stiamo-dando-segnali-forti\/"},"modified":"2022-09-14T10:19:20","modified_gmt":"2022-09-14T08:19:20","slug":"lagalla-scongiurato-laumento-dellirpef-a-palermo-stiamo-dando-segnali-forti","status":"publish","type":"post","link":"https:\/\/www.messinaoggi.it\/website\/2022\/09\/14\/lagalla-scongiurato-laumento-dellirpef-a-palermo-stiamo-dando-segnali-forti\/","title":{"rendered":"Lagalla \u201cScongiurato l\u2019aumento dell\u2019Irpef a Palermo, stiamo dando segnali forti\u201d"},"content":{"rendered":"<div>\n<p>PALERMO (ITALPRESS) \u2013 \u201cL\u2019emendamento approvato dal Senato nel Decreto Aiuti bis conferma quanto di buono \u00e8 stato fatto da questa amministrazione fin dal momento del suo insediamento sul tema dei conti del Comune, ma \u00e8 soprattutto una bellissima notizia per i palermitani, ai quali, come promesso, non toccheremo le tasche a causa dell\u2019aumento dell\u2019Irpef, scongiurato grazie alla votazione a Palazzo Madama\u201d. Cos\u00ec il sindaco di Palermo, Roberto Lagalla, che aggiunge: \u201cQuesto \u00e8 un risultato che arriva da Roma, ma che \u00e8 anche frutto dell\u2019instancabile e appassionato lavoro di questa amministrazione e dei tecnici che la stanno accompagnando nel percorso che mira a rimettere in sicurezza i conti del Comune. Credo che in due mesi e mezzo abbiamo ottenuto dei risultati che non erano stati raggiunti precedentemente, mettendo i cittadini al riparo da una maggiore imposizione fiscale\u201d.<br \/>\u201cInoltre \u2013 sottolinea il sindaco Lagalla -, avremo tempo fino al 31 marzo 2023 per chiudere il piano di riequilibrio, fermo restando che questa amministrazione continuer\u00e0 a lavorare senza sosta per rimettere in ordine i conti del Comune e gi\u00e0 luned\u00ec prossimo partir\u00e0 la lettera per sottoscrivere il patto con lo Stato, indirizzata ai ministeri dell\u2019Economia e dell\u2019Interno. A questo proposito, mi preme sottolineare la correttezza del rapporto istituzionale e la leale collaborazione tra lo Stato e il Comune e il fatto che ai contatti romani del sindaco siano succeduti i comportamenti coerenti da parte delle forze politiche e da parte del governo. Alla luce di questo risultato, posso dire che nei primi 100 giorni di sindacatura stiamo dando segnali forti alla citt\u00e0, rispettando gli obiettivi che ci siamo prefissati. Oltre al tema del bilancio, sono iniziati i lavori al cimitero dei Rotoli, stiamo lavorando sul fronte del decoro e proprio questa settimana \u00e8 partito il piano straordinario di pulizia. Senza dimenticare che abbiamo fatto il Festino di Santa Rosalia il 14 luglio e garantito l\u2019acchianata a Monte Pellegrino lo scorso 4 settembre\u201d.<br \/>foto Italpress<br \/>(ITALPRESS).<div id=\"div-gpt-ad-Messinaoggi.it-DSK-300x250-corpoart\" style=\"text-align:center;margin:0 auto;\"><\/div><\/p>\n<\/div>\n<div id=\"videoincontent\" style=\"clear:both\";><\/div>","protected":false},"excerpt":{"rendered":"<p>PALERMO (ITALPRESS) \u2013 \u201cL\u2019emendamento approvato dal Senato nel Decreto Aiuti bis conferma quanto di buono \u00e8 stato fatto da questa amministrazione fin dal momento del suo insediamento sul tema dei conti del Comune, ma \u00e8 soprattutto una bellissima notizia per i palermitani, ai quali, come promesso, non toccheremo le tasche a causa dell\u2019aumento dell\u2019Irpef, scongiurato [&hellip;]<\/p>\n","protected":false},"author":18,"featured_media":121559,"comment_status":"closed","ping_status":"closed","sticky":false,"template":"","format":"standard","meta":{"ub_ctt_via":"","_mi_skip_tracking":false},"categories":[11,2449],"tags":[783],"featured_image_src":"https:\/\/www.messinaoggi.it\/website\/wp-content\/uploads\/2022\/09\/20220914_0106.jpg","author_info":{"display_name":"Admin","author_link":"https:\/\/www.messinaoggi.it\/website\/author\/admin\/"},"digistream_id":0,"digistream":false,"_links":{"self":[{"href":"https:\/\/www.messinaoggi.it\/website\/wp-json\/wp\/v2\/posts\/121558"}],"collection":[{"href":"https:\/\/www.messinaoggi.it\/website\/wp-json\/wp\/v2\/posts"}],"about":[{"href":"https:\/\/www.messinaoggi.it\/website\/wp-json\/wp\/v2\/types\/post"}],"author":[{"embeddable":true,"href":"https:\/\/www.messinaoggi.it\/website\/wp-json\/wp\/v2\/users\/18"}],"replies":[{"embeddable":true,"href":"https:\/\/www.messinaoggi.it\/website\/wp-json\/wp\/v2\/comments?post=121558"}],"version-history":[{"count":1,"href":"https:\/\/www.messinaoggi.it\/website\/wp-json\/wp\/v2\/posts\/121558\/revisions"}],"predecessor-version":[{"id":121568,"href":"https:\/\/www.messinaoggi.it\/website\/wp-json\/wp\/v2\/posts\/121558\/revisions\/121568"}],"wp:featuredmedia":[{"embeddable":true,"href":"https:\/\/www.messinaoggi.it\/website\/wp-json\/wp\/v2\/media\/121559"}],"wp:attachment":[{"href":"https:\/\/www.messinaoggi.it\/website\/wp-json\/wp\/v2\/media?parent=121558"}],"wp:term":[{"taxonomy":"category","embeddable":true,"href":"https:\/\/www.messinaoggi.it\/website\/wp-json\/wp\/v2\/categories?post=121558"},{"taxonomy":"post_tag","embeddable":true,"href":"https:\/\/www.messinaoggi.it\/website\/wp-json\/wp\/v2\/tags?post=121558"}],"curies":[{"name":"wp","href":"https:\/\/api.w.org\/{rel}","templated":true}]}}