{"id":121538,"date":"2022-09-13T22:02:52","date_gmt":"2022-09-13T20:02:52","guid":{"rendered":"https:\/\/www.messinaoggi.it\/website\/2022\/09\/13\/lupi-e-toti-a-palermo-per-presentare-i-candidati-di-noi-moderati\/"},"modified":"2022-09-13T22:02:52","modified_gmt":"2022-09-13T20:02:52","slug":"lupi-e-toti-a-palermo-per-presentare-i-candidati-di-noi-moderati","status":"publish","type":"post","link":"https:\/\/www.messinaoggi.it\/website\/2022\/09\/13\/lupi-e-toti-a-palermo-per-presentare-i-candidati-di-noi-moderati\/","title":{"rendered":"Lupi e Toti a Palermo per presentare i candidati di \u201cNoi Moderati\u201d"},"content":{"rendered":"<div>\n<p>PALERMO (ITALPRESS) \u2013 Un solo obiettivo in vista del 25 settembre: affermarsi come quarta forza del centrodestra, facendo valere le istanze moderate contro quelle pi\u00f9 radicali di Lega e Fratelli d\u2019Italia. Lo sottolineano con forza Maurizio Lupi e Giovanni Toti, leader ex aequo di Noi moderati, la componente nata dall\u2019unione di Noi con l\u2019Italia (guidata dal primo) e Italia al centro (il cui numero uno \u00e8 l\u2019attuale governatore regionale della Liguria). I due hanno preso parte alla presentazione dei candidati in Sicilia alle elezioni politiche, nella lista Noi moderati, e regionali, nella lista Popolari e autonomisti \u2013 Noi con la Sicilia. All\u2019evento, tenutosi al cinema Arena Sirenetta a Mondello, hanno preso parte anche il vicepresidente di Noi con l\u2019Italia, Saverio Romano, e il candidato a Palazzo d\u2019Orleans per il centrodestra, Renato Schifani. Romano sar\u00e0 anche capolista alla Camera al collegio plurinominale di Palermo. I temi affrontati hanno riguardato il futuro tanto dell\u2019Italia quanto della Sicilia: centrali la crisi economica e la ripartenza della regione. Questioni su cui Noi moderati prover\u00e0 a dettare la propria linea alle altre forze di centrodestra, con Schifani pronto a fare da tramite a livello regionale: \u201cLa parola d\u2019ordine di questa campagna \u00e8 insieme, poi \u00e8 chiaro che nella coalizione ci sono posizioni diverse. Forza Italia \u00e8 da sempre molto vicina all\u2019area moderata, un punto di tramite tra le forze centriste e la destra con il compito di evitare un\u2019eccessiva polarizzazione da una parte o dall\u2019altra su certe tematiche\u201d. L\u2019ex presidente del  Senato rilancia poi i temi gi\u00e0 messi in campo nelle precedenti settimane di campagna elettorale: ripristino delle province e costruzione dei termovalorizzatori. \u201cLe strade provinciali si trovano in uno stato pericolosissimo: \u00e8 fondamentale istituire le province per garantire il ripristino della manutenzione di quelle aree pi\u00f9 a rischio \u2013 sottolinea Schifani, \u2013 Per quanto riguarda i termovalorizzatori ho il massimo rispetto per le posizioni ambientaliste, ma li ritengo indispensabili affinch\u00e8 questa regione e questo Paese progrediscano\u201d. Anche per Lupi quella dei termovalorizzatori \u00e8 una questione centrale nell\u2019agenda della coalizione: \u201cVogliamo realizzarli senza se e senza ma. A chi \u00e8 scettico consiglio di venire a Brescia, dove danno energia all\u201980% della popolazione senza inquinare e smaltendo i rifiuti con efficienza. Basta con la logica dei no e con le contrapposizioni ideologiche: ambiente e sviluppo possono e devono andare di pari passo\u201d. Il presidente di Noi con l\u2019Italia evidenzia poi come \u201cla Sicilia ha un\u2019importanza fondamentale per le risorse del paese, cos\u00ec come fondamentale \u00e8 il ripristino di un asse Roma-Palermo: bisogna ripartire dalle infrastrutture e dalla valorizzazione del territorio\u201d. Per Toti la priorit\u00e0 \u00e8 che la regione torni ad avere un\u2019importanza centrale nel Mediterraneo. \u201cLa costa del Nord Africa \u00e8 stata abbandonata a se stessa da anni e c\u2019\u00e8 bisogno che l\u2019Italia torni a riacquistarne il controllo con scelte politiche forti. Le scelte fatte sul  Mediterraneo negli ultimi anni sono state foriere di tantissimi guai, dalle politiche energetiche fino all\u2019immigrazione\u201d, sottolinea il governatore regionale della Liguria, che poi rivendica il ruolo innovativo di Noi moderati nello scacchiere politico nazionale: \u201cIl nostro progetto centrista \u00e8 l\u2019unica vera novit\u00e0 di questa campagna elettorale. Vogliamo dare al centrodestra una cultura di governo e un senso dello Stato che alla nostra componente non \u00e8 mai mancata: una coalizione forte al governo non pu\u00f2 prescindere da un polo moderato\u201d. Romano evidenzia invece una serie di punti salienti per il rilancio della Sicilia: \u201cSe vogliamo che i nostri giorni non vadano via \u00e8 fondamentale investire sul mondo della ricerca e della scuola. Anche sulla sanit\u00e0 e sulla viabilit\u00e0 c\u2019\u00e8 un grande lavoro da fare, cos\u00ec come nella riorganizzazione della macchina amministrativa: in tal senso, la proposta di Schifani di reistituire le province mi trova perfettamente d\u2019accordo\u201d. A livello nazionale il vicepresidente di Noi con l\u2019Italia pone l\u2019attenzione su tre problemi da fronteggiare: \u201cCaro bollette, tasse altissime e lavoro che non c\u2019\u00e8. La nostra proposta \u00e8 di intervenire subito bloccando gli aumenti e dotandosi di misure strutturali che abbiano effetto a lungo termine\u201d. (ITALPRESS)<div id=\"div-gpt-ad-Messinaoggi.it-DSK-300x250-corpoart\" style=\"text-align:center;margin:0 auto;\"><\/div><\/p>\n<p>photo credits: xd8<div id=\"videoincontent\" style=\"clear:both\";><\/div><\/p>\n<\/div>\n","protected":false},"excerpt":{"rendered":"<p>PALERMO (ITALPRESS) \u2013 Un solo obiettivo in vista del 25 settembre: affermarsi come quarta forza del centrodestra, facendo valere le istanze moderate contro quelle pi\u00f9 radicali di Lega e Fratelli d\u2019Italia. Lo sottolineano con forza Maurizio Lupi e Giovanni Toti, leader ex aequo di Noi moderati, la componente nata dall\u2019unione di Noi con l\u2019Italia (guidata [&hellip;]<\/p>\n","protected":false},"author":18,"featured_media":121539,"comment_status":"closed","ping_status":"closed","sticky":false,"template":"","format":"standard","meta":{"ub_ctt_via":"","_mi_skip_tracking":false},"categories":[2449],"tags":[783],"featured_image_src":"https:\/\/www.messinaoggi.it\/website\/wp-content\/uploads\/2022\/09\/20220913_2098.jpg","author_info":{"display_name":"Admin","author_link":"https:\/\/www.messinaoggi.it\/website\/author\/admin\/"},"digistream_id":0,"digistream":false,"_links":{"self":[{"href":"https:\/\/www.messinaoggi.it\/website\/wp-json\/wp\/v2\/posts\/121538"}],"collection":[{"href":"https:\/\/www.messinaoggi.it\/website\/wp-json\/wp\/v2\/posts"}],"about":[{"href":"https:\/\/www.messinaoggi.it\/website\/wp-json\/wp\/v2\/types\/post"}],"author":[{"embeddable":true,"href":"https:\/\/www.messinaoggi.it\/website\/wp-json\/wp\/v2\/users\/18"}],"replies":[{"embeddable":true,"href":"https:\/\/www.messinaoggi.it\/website\/wp-json\/wp\/v2\/comments?post=121538"}],"version-history":[{"count":0,"href":"https:\/\/www.messinaoggi.it\/website\/wp-json\/wp\/v2\/posts\/121538\/revisions"}],"wp:featuredmedia":[{"embeddable":true,"href":"https:\/\/www.messinaoggi.it\/website\/wp-json\/wp\/v2\/media\/121539"}],"wp:attachment":[{"href":"https:\/\/www.messinaoggi.it\/website\/wp-json\/wp\/v2\/media?parent=121538"}],"wp:term":[{"taxonomy":"category","embeddable":true,"href":"https:\/\/www.messinaoggi.it\/website\/wp-json\/wp\/v2\/categories?post=121538"},{"taxonomy":"post_tag","embeddable":true,"href":"https:\/\/www.messinaoggi.it\/website\/wp-json\/wp\/v2\/tags?post=121538"}],"curies":[{"name":"wp","href":"https:\/\/api.w.org\/{rel}","templated":true}]}}