{"id":121534,"date":"2022-09-13T21:07:51","date_gmt":"2022-09-13T19:07:51","guid":{"rendered":"https:\/\/www.messinaoggi.it\/website\/2022\/09\/13\/linter-vince-in-champions-2-0-in-casa-del-plzen\/"},"modified":"2022-09-14T10:20:13","modified_gmt":"2022-09-14T08:20:13","slug":"linter-vince-in-champions-2-0-in-casa-del-plzen","status":"publish","type":"post","link":"https:\/\/www.messinaoggi.it\/website\/2022\/09\/13\/linter-vince-in-champions-2-0-in-casa-del-plzen\/","title":{"rendered":"L\u2019Inter vince in Champions, 2-0 in casa del Plzen"},"content":{"rendered":"<div>PLZEN (REPUBBLICA CECA) (ITALPRESS) &#8211; L&#8217;Inter batte 2-0 il Viktoria Plzen in trasferta e conquista i primi tre punti nel gruppo C di Champions League. Dopo il ko col Bayern e la vittoria col Torino in campionato, Simone Inzaghi opta per un ampio turn over. Tra i pali c&#8217;\u00e8 Onana, mentre in difesa c&#8217;\u00e8 spazio per l&#8217;esordio dal 1&#8242; di Acerbi. Turno di riposo invece per Calhanoglu e Lautaro. Sul fronte d&#8217;attacco il tecnico d\u00e0 fiducia alla coppia composta da Correa e Dzeko. L&#8217;attaccante bosniaco \u00e8 la bestia nera del Viktoria Plzen con due triplette ai tempi della Roma. E al 20&#8242; \u00e8 proprio l&#8217;ex giallorosso a sbloccare il risultato. Buon lavoro di Correa che gestisce il pallone e allarga sulla sinistra per Dzeko che apre l&#8217;interno destro e trova l&#8217;angolo opposto. Contro il Barcellona, il Viktoria Plzen non \u00e8 andato oltre il 23% del possesso palla. Anche in Repubblica Ceca non cambia il copione. L&#8217;Inter controlla il gioco con ampie percentuali e al 43&#8242; sfiora il secondo gol. Sugli sviluppi di una rapida ripartenza, Dzeko ha l&#8217;occasione di raddoppiare ma il suo tiro \u00e8 respinto da Stanek coi piedi. <br \/>A inizio ripresa il portiere avversario si supera in altre due occasioni. Al 48&#8242; Gosens ci prova di testa sugli sviluppi di un calcio da fermo, ma Stanek \u00e8 attento e Skriniar sul tap in non riesce a ribadire in rete. L&#8217;estremo difensore si ripete un minuto dopo sulla conclusione sul primo palo di Dzeko, mentre nulla avrebbe potuto sul colpo di testa a botta sicura di Dumfries terminato alto al 52&#8242;. La svolta definitiva del match arriva al 61&#8242;: Bucha entra in modo scomposto sulla tibia di Barella e viene espulso. Al 67&#8242; il Plzen in 10 spaventa l&#8217;Inter: Sykora penetra in area e calcia, Skriniar devia sull&#8217;esterno della rete. A spazzare le paure ci pensa al 70&#8242; il solito Dzeko, stavolta in veste di uomo assist: contropiede perfetto e palla per Dumfries che a tu per tu con Stanek non sbaglia e chiude i giochi.<br \/>&#8211; foto LivePhotoSport &#8211; <br \/>(ITALPRESS).<\/div>\n<div id=\"div-gpt-ad-Messinaoggi.it-DSK-300x250-corpoart\" style=\"text-align:center;margin:0 auto;\"><\/div><\/p><div id=\"videoincontent\" style=\"clear:both\";><\/div>","protected":false},"excerpt":{"rendered":"<p>PLZEN (REPUBBLICA CECA) (ITALPRESS) &#8211; L&#8217;Inter batte 2-0 il Viktoria Plzen in trasferta e conquista i primi tre punti nel gruppo C di Champions League. Dopo il ko col Bayern e la vittoria col Torino in campionato, Simone Inzaghi opta per un ampio turn over. Tra i pali c&#8217;\u00e8 Onana, mentre in difesa c&#8217;\u00e8 spazio [&hellip;]<\/p>\n","protected":false},"author":18,"featured_media":121535,"comment_status":"closed","ping_status":"closed","sticky":false,"template":"","format":"standard","meta":{"ub_ctt_via":"","_mi_skip_tracking":false},"categories":[10,446,9],"tags":[783],"featured_image_src":"https:\/\/www.messinaoggi.it\/website\/wp-content\/uploads\/2022\/09\/20220913_2019.jpg","author_info":{"display_name":"Admin","author_link":"https:\/\/www.messinaoggi.it\/website\/author\/admin\/"},"digistream_id":0,"digistream":false,"_links":{"self":[{"href":"https:\/\/www.messinaoggi.it\/website\/wp-json\/wp\/v2\/posts\/121534"}],"collection":[{"href":"https:\/\/www.messinaoggi.it\/website\/wp-json\/wp\/v2\/posts"}],"about":[{"href":"https:\/\/www.messinaoggi.it\/website\/wp-json\/wp\/v2\/types\/post"}],"author":[{"embeddable":true,"href":"https:\/\/www.messinaoggi.it\/website\/wp-json\/wp\/v2\/users\/18"}],"replies":[{"embeddable":true,"href":"https:\/\/www.messinaoggi.it\/website\/wp-json\/wp\/v2\/comments?post=121534"}],"version-history":[{"count":1,"href":"https:\/\/www.messinaoggi.it\/website\/wp-json\/wp\/v2\/posts\/121534\/revisions"}],"predecessor-version":[{"id":121571,"href":"https:\/\/www.messinaoggi.it\/website\/wp-json\/wp\/v2\/posts\/121534\/revisions\/121571"}],"wp:featuredmedia":[{"embeddable":true,"href":"https:\/\/www.messinaoggi.it\/website\/wp-json\/wp\/v2\/media\/121535"}],"wp:attachment":[{"href":"https:\/\/www.messinaoggi.it\/website\/wp-json\/wp\/v2\/media?parent=121534"}],"wp:term":[{"taxonomy":"category","embeddable":true,"href":"https:\/\/www.messinaoggi.it\/website\/wp-json\/wp\/v2\/categories?post=121534"},{"taxonomy":"post_tag","embeddable":true,"href":"https:\/\/www.messinaoggi.it\/website\/wp-json\/wp\/v2\/tags?post=121534"}],"curies":[{"name":"wp","href":"https:\/\/api.w.org\/{rel}","templated":true}]}}