{"id":12152,"date":"2017-11-29T14:04:20","date_gmt":"2017-11-29T13:04:20","guid":{"rendered":"http:\/\/www.messinaoggi.it\/website\/?p=12152"},"modified":"2017-11-29T14:04:20","modified_gmt":"2017-11-29T13:04:20","slug":"cgil-il-comune-prenda-provvedimenti-sul-caos-allo-sprar-di-curcuraci-palazzo-zanca-replica","status":"publish","type":"post","link":"https:\/\/www.messinaoggi.it\/website\/2017\/11\/29\/cgil-il-comune-prenda-provvedimenti-sul-caos-allo-sprar-di-curcuraci-palazzo-zanca-replica\/","title":{"rendered":"Cgil: &quot;Il Comune prenda provvedimenti sul caos allo Sprar di Curcuraci&quot;. Palazzo Zanca replica"},"content":{"rendered":"<p>\u201cQuanto verificatosi presso lo Sprar vulnerabili di Curcuraci, struttura di seconda accoglienza per richiedenti asilo e rifugiati in cui si trovano accolti migranti appartenenti alla cosiddetta categoria dei vulnerabili perch\u00e9 affetti da patologie fisiche o psichiche, non deve pi\u00f9 ripetersi. Non solo nell\u2019interesse de beneficiari del servizio, ma anche degli operatori che operano h24\u201d.<br \/>\nCamera del lavoro e Funzione pubblica della CGIL, rispettivamente rappresentate dalla segretaria Clara Croc\u00e9, dal segretario generale Francesco Fucile e dal coordinatore del comparto Servizi sociali, Gianluca Gangemi, chiedono all\u2019Amministrazione comunale immediate soluzioni: \u201cSe \u00e8 vero che i migranti non percepiscono, come sarebbe loro diritto da convenzione la diaria giornaliera, meglio nota come pocket money \u2013 affermano i rappresentanti sindacali \u2013 \u00e8 altrettanto grave, cosa finora rimasta sotto silenzio nonostante i ripetuti solleciti inoltrati alla cooperativa Pro Alter che gestisce la struttura, che i lavoratori non percepiscono lo stipendio da ben undici mesi.<br \/>\nA ci\u00f2 si aggiungono condizioni complesse sul luogo di lavoro, considerando che pur essendo in periodo invernale non \u00e8 possibile utilizzare l\u2019impianto di riscaldamento perch\u00e9 non ben funzionante\u201d. Una situazione a dir poco paradossale, ma non nuova nel mondo del terzo settore, che necessita di essere affrontato in modo chiaro: \u201cNon sono certo i lavoratori e migranti a pagare dei disservizi del sistema \u2013 spiega l\u2019organizzazione sindacale \u2013 anche perch\u00e9 tutto ci\u00f2 rischia di alimentare un clima di odio e di pregiudizio che non fa bene al mondo dell\u2019immigrazione e a coloro che ne fanno parte\u201d.<br \/>\nNell\u2019invitare il Comune, nella persona dell\u2019assessore Santisi ad affrontare il problema, Camera del lavoro ed Fp Cgil proclamano lo stato di agitazione dei lavoratori. \u201cIn mancanza di risposte \u2013 concludono i sindacalisti \u2013 i lavoratori si troveranno costretti ad interrompere il servizio, garantendo per\u00f2 ai beneficiari i servizi minimi previsti\u201d.<br \/>\n<strong>La replica di Palazzo Zanca.<\/strong> A seguito della protesta dei nove migranti vulnerabili ospiti a Curcuraci, il dipartimento Politiche sociali, su richiesta dell\u2019assessore al ramo, Nina Santisi, a garanzia e tutela degli ospiti e dei lavoratori dello Sprar, ha avviato un\u2019ispezione e convocato la cooperativa Pro Alter 2000, responsabile della struttura dal luglio 2016.<br \/>\nDopo avere incontrato i rappresentanti della cooperativa, il dirigente conferma che la protesta non \u00e8 stata caratterizzata da episodi di violenza n\u00e9 da atti vandalici, come d\u2019altronde verificato da carabinieri e magistratura intervenuti sul posto, rientrando velocemente. Le ragioni\u00a0 dell\u2019occupazione sarebbero legate al ritardo del trasferimento degli ospiti dello Sprar nella nuova struttura individuata in citt\u00e0, situata in via Jaci.<br \/>\nInoltre, i migranti hanno protestato per non aver ricevuto il pocket money giornaliero di 1,50 euro a cui hanno diritto. Con la presente nota, l\u2019Amministrazione comunale informa che l\u2019assessore Santisi ha investito il dirigente del dipartimento Politiche sociali affinch\u00e9 intervenga immediatamente perch\u00e9 il sistema di monitoraggio e controllo sia pi\u00f9 stringente e perch\u00e9 si individuino eventuali responsabilit\u00e0 nella sua mancata applicazione, specie per quanto riguarda la questione del pocket money.<br \/>\nIl dipartimento Politiche sociali, dal canto suo, ha richiesto alla cooperativa Pro Alter 2000 di accelerare le procedure per il trasferimento degli ospiti nella nuova sede dello Sprar e, verificata la mancata erogazione del pocket money, di tornare a garantirne la corretta e continua distribuzione. L\u2019Amministrazione ribadisce, in accordo con il Ministero e l\u2019Anci, l\u2019impegno nella seconda accoglienza e l\u2019investimento nel sistema Sprar.<br \/>\nRifiuta, ancora, ogni strumentalizzazione dell\u2019episodio, finalizzata ad alimentare forme di discriminazione e di non accoglienza verso le persone che drammaticamente raggiungono i nostri territori e ad alimentare paura e percezione di insicurezza compromettendo la convivenza pacifica, l\u2019inclusione e l\u2019integrazione.<br \/>\n <div id=\"div-gpt-ad-Messinaoggi.it-DSK-300x250-corpoart\" style=\"text-align:center;margin:0 auto;\"><\/div><\/p>\n<div id=\"videoincontent\" style=\"clear:both\";><\/div>","protected":false},"excerpt":{"rendered":"<p>\u201cQuanto verificatosi presso lo Sprar vulnerabili di Curcuraci, struttura di seconda accoglienza per richiedenti asilo e rifugiati in cui si trovano accolti migranti appartenenti alla cosiddetta categoria dei vulnerabili perch\u00e9 affetti da patologie fisiche o psichiche, non deve pi\u00f9 ripetersi. Non solo nell\u2019interesse de beneficiari del servizio, ma anche degli operatori che operano h24\u201d. Camera [&hellip;]<\/p>\n","protected":false},"author":2,"featured_media":1535,"comment_status":"closed","ping_status":"open","sticky":false,"template":"","format":"standard","meta":{"ub_ctt_via":"","_mi_skip_tracking":false},"categories":[6],"tags":[],"featured_image_src":"https:\/\/www.messinaoggi.it\/website\/wp-content\/uploads\/2017\/06\/1723okIMG_2962-2.jpg","author_info":{"display_name":"Redazione","author_link":"https:\/\/www.messinaoggi.it\/website\/author\/redazione\/"},"digistream_id":0,"digistream":false,"_links":{"self":[{"href":"https:\/\/www.messinaoggi.it\/website\/wp-json\/wp\/v2\/posts\/12152"}],"collection":[{"href":"https:\/\/www.messinaoggi.it\/website\/wp-json\/wp\/v2\/posts"}],"about":[{"href":"https:\/\/www.messinaoggi.it\/website\/wp-json\/wp\/v2\/types\/post"}],"author":[{"embeddable":true,"href":"https:\/\/www.messinaoggi.it\/website\/wp-json\/wp\/v2\/users\/2"}],"replies":[{"embeddable":true,"href":"https:\/\/www.messinaoggi.it\/website\/wp-json\/wp\/v2\/comments?post=12152"}],"version-history":[{"count":0,"href":"https:\/\/www.messinaoggi.it\/website\/wp-json\/wp\/v2\/posts\/12152\/revisions"}],"wp:featuredmedia":[{"embeddable":true,"href":"https:\/\/www.messinaoggi.it\/website\/wp-json\/wp\/v2\/media\/1535"}],"wp:attachment":[{"href":"https:\/\/www.messinaoggi.it\/website\/wp-json\/wp\/v2\/media?parent=12152"}],"wp:term":[{"taxonomy":"category","embeddable":true,"href":"https:\/\/www.messinaoggi.it\/website\/wp-json\/wp\/v2\/categories?post=12152"},{"taxonomy":"post_tag","embeddable":true,"href":"https:\/\/www.messinaoggi.it\/website\/wp-json\/wp\/v2\/tags?post=12152"}],"curies":[{"name":"wp","href":"https:\/\/api.w.org\/{rel}","templated":true}]}}