{"id":121439,"date":"2022-09-13T14:17:50","date_gmt":"2022-09-13T12:17:50","guid":{"rendered":"https:\/\/www.messinaoggi.it\/website\/2022\/09\/13\/malago-e-dantoni-in-visita-allordine-dei-giornalisti-sicilia\/"},"modified":"2022-09-13T14:17:50","modified_gmt":"2022-09-13T12:17:50","slug":"malago-e-dantoni-in-visita-allordine-dei-giornalisti-sicilia","status":"publish","type":"post","link":"https:\/\/www.messinaoggi.it\/website\/2022\/09\/13\/malago-e-dantoni-in-visita-allordine-dei-giornalisti-sicilia\/","title":{"rendered":"Malag\u00f2 e D\u2019Antoni in visita all\u2019Ordine dei giornalisti Sicilia"},"content":{"rendered":"<div>\n<p>PALERMO (ITALPRESS) \u2013 Il presidente del Coni, Giovanni Malag\u00f2, in visita in Sicilia, \u00e8 stato ospite dell\u2019Ordine dei giornalisti Sicilia presso la sede palermitana di via Bernini. Accolto dal presidente Roberto Gueli e dai consiglieri dell\u2019Ordine regionale, alla presenza dei consiglieri dell\u2019Ordine nazionale Riccardo Arena e Giulio Francese, Malag\u00f2 ha visitato la villa che ospita l\u2019Ordine insieme al presidente del Coni Sicilia, Sergio D\u2019Antoni, e al presidente della Lega nazionale dilettanti Sicilia, Sandro Morgana. A Malag\u00f2 \u00e8 stata illustrata la mostra permanente che ricorda i giornalisti vittime della mafia.<br \/>Il presidente del Coni \u00e8 poi intervenuto sullo stato di salute dello sport siciliano: \u201cTante luci e molte ombre \u2013 ha detto Malag\u00f2 \u2013 C\u2019\u00e8 la capacit\u00e0 di far crescere dei talenti, che \u00e8 genetica e storica in questa straordinaria terra, con atleti che sono apprezzati in tutta la realt\u00e0 nazionale. Molte realt\u00e0 siciliane sono pionieristiche nel panorama degli sport nazionali. E\u2019 chiaro che c\u2019\u00e8 un problema legato all\u2019impiantistica, che \u00e8 anche storico e legato sul piano congiunturale al caro energia. Pochi gli sponsor locali, qualche mecenate che sostiene le societ\u00e0, attivit\u00e0 che \u00e8 difficile proseguire\u201d. <br \/>\u201cNoi stiamo monitorando, il Coni \u2013 ha proseguito Malag\u00f2 \u2013 non legifera, abbiamo sempre sostenuto il grido d\u2019allarme in questo senso. A volte anche un semplice campo di allenamento diventa fondamentale. Si deve assestare la questione e ci sono i presupposti per fare bene, ma non nascondo che in questo momento siamo preoccupati\u201d.  <br \/>A margine della visita, a Malag\u00f2 e D\u2019Antoni sono state consegnate delle targhe da parte dell\u2019Ordine dei giornalisti Sicilia \u201cper l\u2019impegno profuso a sostegno del mondo del lavoro e dello sport\u201d.<br \/>\u2013 Foto Odg Sicilia \u2013 <br \/>(ITALPRESS).<div id=\"div-gpt-ad-Messinaoggi.it-DSK-300x250-corpoart\" style=\"text-align:center;margin:0 auto;\"><\/div><\/p>\n<\/div>\n<div id=\"videoincontent\" style=\"clear:both\";><\/div>","protected":false},"excerpt":{"rendered":"<p>PALERMO (ITALPRESS) \u2013 Il presidente del Coni, Giovanni Malag\u00f2, in visita in Sicilia, \u00e8 stato ospite dell\u2019Ordine dei giornalisti Sicilia presso la sede palermitana di via Bernini. Accolto dal presidente Roberto Gueli e dai consiglieri dell\u2019Ordine regionale, alla presenza dei consiglieri dell\u2019Ordine nazionale Riccardo Arena e Giulio Francese, Malag\u00f2 ha visitato la villa che ospita [&hellip;]<\/p>\n","protected":false},"author":18,"featured_media":121440,"comment_status":"closed","ping_status":"closed","sticky":false,"template":"","format":"standard","meta":{"ub_ctt_via":"","_mi_skip_tracking":false},"categories":[2449],"tags":[783],"featured_image_src":"https:\/\/www.messinaoggi.it\/website\/wp-content\/uploads\/2022\/09\/20220913_0752.jpg","author_info":{"display_name":"Admin","author_link":"https:\/\/www.messinaoggi.it\/website\/author\/admin\/"},"digistream_id":0,"digistream":false,"_links":{"self":[{"href":"https:\/\/www.messinaoggi.it\/website\/wp-json\/wp\/v2\/posts\/121439"}],"collection":[{"href":"https:\/\/www.messinaoggi.it\/website\/wp-json\/wp\/v2\/posts"}],"about":[{"href":"https:\/\/www.messinaoggi.it\/website\/wp-json\/wp\/v2\/types\/post"}],"author":[{"embeddable":true,"href":"https:\/\/www.messinaoggi.it\/website\/wp-json\/wp\/v2\/users\/18"}],"replies":[{"embeddable":true,"href":"https:\/\/www.messinaoggi.it\/website\/wp-json\/wp\/v2\/comments?post=121439"}],"version-history":[{"count":0,"href":"https:\/\/www.messinaoggi.it\/website\/wp-json\/wp\/v2\/posts\/121439\/revisions"}],"wp:featuredmedia":[{"embeddable":true,"href":"https:\/\/www.messinaoggi.it\/website\/wp-json\/wp\/v2\/media\/121440"}],"wp:attachment":[{"href":"https:\/\/www.messinaoggi.it\/website\/wp-json\/wp\/v2\/media?parent=121439"}],"wp:term":[{"taxonomy":"category","embeddable":true,"href":"https:\/\/www.messinaoggi.it\/website\/wp-json\/wp\/v2\/categories?post=121439"},{"taxonomy":"post_tag","embeddable":true,"href":"https:\/\/www.messinaoggi.it\/website\/wp-json\/wp\/v2\/tags?post=121439"}],"curies":[{"name":"wp","href":"https:\/\/api.w.org\/{rel}","templated":true}]}}