{"id":121421,"date":"2022-09-13T13:17:52","date_gmt":"2022-09-13T11:17:52","guid":{"rendered":"https:\/\/www.messinaoggi.it\/website\/2022\/09\/13\/il-m5s-presenta-i-candidati-del-palermitano-spicca-scarpinato-al-senato\/"},"modified":"2022-09-13T13:17:52","modified_gmt":"2022-09-13T11:17:52","slug":"il-m5s-presenta-i-candidati-del-palermitano-spicca-scarpinato-al-senato","status":"publish","type":"post","link":"https:\/\/www.messinaoggi.it\/website\/2022\/09\/13\/il-m5s-presenta-i-candidati-del-palermitano-spicca-scarpinato-al-senato\/","title":{"rendered":"Il M5s presenta i candidati del Palermitano, spicca Scarpinato al Senato"},"content":{"rendered":"<div>\n<p>PALERMO (ITALPRESS) \u2013 Prosegue la lunga corsa verso l\u2019election day del 25 settembre all\u2019interno del Movimento 5 Stelle, che in una conferenza stampa indetta al San Paolo Palace Hotel di Palermo, ha presentato ufficialmente questa mattina i candidati del palermitano nella circoscrizione della Sicilia occidentale. Nell\u2019elenco dei nomi, tra uscenti e volti nuovi, spicca il nome dell\u2019ex magistrato Roberto Scarpinato, candidato al Senato al plurinominale Sicilia 1 tra le fila dei pentastellati, e presente all\u2019appuntamento insieme al candidato alla presidenza della regione, Nuccio Di Paola. Proprio l\u2019aspirante governatore ha ancora una volta sottolineato l\u2019importanza del voto del 25 settembre per il Movimento 5 Stelle, dato in ascesa secondo gli ultimi sondaggi che premiano ancora per\u00f2 la coalizione di centrodestra: \u201cQuello che succeder\u00e0 alle elezioni del 25 settembre dipender\u00e0 dai siciliani e dalla loro voglia di cambiare e di non tornare indietro di vent\u2019anni. E\u2019 un momento unico, c\u2019\u00e8 l\u2019election day e si vota contemporaneamente in Sicilia e in Italia \u2013 ha esordito Di Paola \u2013 E\u2019 importante che i siciliani vadano a votare, cos\u00ec il presidente della Regione dopo pi\u00f9 di 12 anni verr\u00e0 finalmente eletto con un\u2019affluenza maggiore del 50%. Ci sar\u00e0 finalmente un voto d\u2019opinione, si potr\u00e0 scegliere un presidente che porti la Sicilia nel 2027 e non indietro\u201d. <br \/>Di Paola ha rivendicato lo strumento del reddito di cittadinanza (\u201cE\u2019 una nostra proposta che \u00e8 stata strumentalizzata da molti partiti che ora dicono che \u00e8 importante. Va potenziato e servono maggiori controlli\u201d) e nel presentare la candidatura di Scarpinato non ha risparmiato un attacco alla coalizione di centrodestra: \u201cHo sempre detto che la nostra asticella sulla legalit\u00e0 \u00e8 sempre stata alta, per cui per noi \u00e8 un onore avere Roberto Scarpinato come capolista al Senato per la parte occidentale della Sicilia \u2013 ha commentato Di Paola \u2013 E\u2019 un segnale chiaro e forte, soprattutto in un momento in cui il centrodestra candida come presidente della Regione un imputato al processo Montante\u201d. Il candidato governatore ha poi rivolto un appello allo stesso ex magistrato, chiedendogli da senatore un impegno concreto per le istanze del territorio siciliano: \u201cSe i siciliani ci daranno l\u2019opportunit\u00e0, chiedo gi\u00e0 da ora al dottor Scarpinato l\u2019impegno di stare accanto a noi, perch\u00e8 arriveranno tanti soldi da gestire e da non far finire nelle mani sbagliate \u2013 ha concluso Di Paola \u2013 Non \u00e8 il momento di dare nomi a quello che potremo fare insieme al dottor Scarpinato, spero possa essere al nostro fianco qui in Sicilia, perch\u00e8 ci sar\u00e0 tantissimo da fare se succeder\u00e0 quel che auspichiamo\u201d. <br \/>Roberto Scarpinato, che ha accettato di scendere in campo in politica dopo una lunga carriera da magistrato, nel corso del suo intervento ha ribadito la sua sostanziale indipendenza, fondamentale nella decisione di rispondere presente alla candidatura offertagli dal capo politico dei pentastellati, Giuseppe Conte, presente sull\u2019isola dal 15 al 17 settembre per un tour a ridosso delle elezioni: \u201cHo deciso di accettare la proposta di Giuseppe Conte e del Movimento 5 Stelle per continuare a fare in altri luoghi e con altri mezzi da parlamentare quello che ho fatto da magistrato, ovvero dare un contributo per difendere la Costituzione \u2013 ha precisato Scarpinato \u2013 Quando il presidente Conte mi ha telefonato gli ho chiesto del tempo per riflettere. Gli ho rivendicato la mia indipendenza, mi sarei riservato di esprimere il mio eventuale dissenso\u201d. Per Scarpinato il Movimento 5 Stelle resta l\u2019unico partito estraneo dalle logiche del potere che si sono consolidate nel corso dei decenni: \u201cIl M5S pu\u00f2 essere criticabile per le scelte del passato, ma \u00e8 certo che ha fatto politica alla luce del sole, rimanendo estraneo ai poteri occulti. Il potere non lo ha integrato e omologato, c\u2019\u00e8 un\u2019intolleranza trasversale nei confronti del M5S che dimostra che siamo dalla parte giusta \u2013 ha spiegato \u2013 Ho deciso di accettare questa candidatura perch\u00e8 molti segnali attestano che la nostra democrazia \u00e8 in pericolo\u201d.<br \/>Uno sguardo anche alle regionali, dove il candidato del centrodestra, Renato Schifani, \u00e8 attualmente sotto processo nel caso Montante: \u201cLa politica sull\u2019isola vive di simboli \u2013 ha ricordato Scarpinato \u2013 Il partito di Renato Schifani avrebbe avuto tanti altri esponenti da candidare piuttosto che un personaggio che ha avuto una lunga carriera politica ma che in questo momento vive una situazione delicata\u201d. L\u2019ex magistrato, infine, ha anche risposto ad Antonio Ingroia, che aveva criticato la sua candidatura: \u201cNon devo replicare in nessun modo ad Antonio Ingroia, perch\u00e8 forse non sa che la prima persona che ho chiamato una volta ricevuta la proposta di Giuseppe Conte \u00e8 stato proprio Nino Di Matteo, che mi ha detto di accettare perch\u00e8 ha fiducia in me e di andare avanti\u201d.<br \/>foto xd7 Italpress<br \/>(ITALPRESS).<div id=\"div-gpt-ad-Messinaoggi.it-DSK-300x250-corpoart\" style=\"text-align:center;margin:0 auto;\"><\/div><\/p>\n<\/div>\n<div id=\"videoincontent\" style=\"clear:both\";><\/div>","protected":false},"excerpt":{"rendered":"<p>PALERMO (ITALPRESS) \u2013 Prosegue la lunga corsa verso l\u2019election day del 25 settembre all\u2019interno del Movimento 5 Stelle, che in una conferenza stampa indetta al San Paolo Palace Hotel di Palermo, ha presentato ufficialmente questa mattina i candidati del palermitano nella circoscrizione della Sicilia occidentale. Nell\u2019elenco dei nomi, tra uscenti e volti nuovi, spicca il [&hellip;]<\/p>\n","protected":false},"author":18,"featured_media":121422,"comment_status":"closed","ping_status":"closed","sticky":false,"template":"","format":"standard","meta":{"ub_ctt_via":"","_mi_skip_tracking":false},"categories":[2449],"tags":[783],"featured_image_src":"https:\/\/www.messinaoggi.it\/website\/wp-content\/uploads\/2022\/09\/20220913_0610.jpg","author_info":{"display_name":"Admin","author_link":"https:\/\/www.messinaoggi.it\/website\/author\/admin\/"},"digistream_id":0,"digistream":false,"_links":{"self":[{"href":"https:\/\/www.messinaoggi.it\/website\/wp-json\/wp\/v2\/posts\/121421"}],"collection":[{"href":"https:\/\/www.messinaoggi.it\/website\/wp-json\/wp\/v2\/posts"}],"about":[{"href":"https:\/\/www.messinaoggi.it\/website\/wp-json\/wp\/v2\/types\/post"}],"author":[{"embeddable":true,"href":"https:\/\/www.messinaoggi.it\/website\/wp-json\/wp\/v2\/users\/18"}],"replies":[{"embeddable":true,"href":"https:\/\/www.messinaoggi.it\/website\/wp-json\/wp\/v2\/comments?post=121421"}],"version-history":[{"count":0,"href":"https:\/\/www.messinaoggi.it\/website\/wp-json\/wp\/v2\/posts\/121421\/revisions"}],"wp:featuredmedia":[{"embeddable":true,"href":"https:\/\/www.messinaoggi.it\/website\/wp-json\/wp\/v2\/media\/121422"}],"wp:attachment":[{"href":"https:\/\/www.messinaoggi.it\/website\/wp-json\/wp\/v2\/media?parent=121421"}],"wp:term":[{"taxonomy":"category","embeddable":true,"href":"https:\/\/www.messinaoggi.it\/website\/wp-json\/wp\/v2\/categories?post=121421"},{"taxonomy":"post_tag","embeddable":true,"href":"https:\/\/www.messinaoggi.it\/website\/wp-json\/wp\/v2\/tags?post=121421"}],"curies":[{"name":"wp","href":"https:\/\/api.w.org\/{rel}","templated":true}]}}