{"id":121410,"date":"2022-09-13T12:02:51","date_gmt":"2022-09-13T10:02:51","guid":{"rendered":"https:\/\/www.messinaoggi.it\/website\/2022\/09\/13\/schifani-priorita-ai-giovani-saro-il-portavoce-dei-siciliani-a-roma\/"},"modified":"2022-09-13T14:52:47","modified_gmt":"2022-09-13T12:52:47","slug":"schifani-priorita-ai-giovani-saro-il-portavoce-dei-siciliani-a-roma","status":"publish","type":"post","link":"https:\/\/www.messinaoggi.it\/website\/2022\/09\/13\/schifani-priorita-ai-giovani-saro-il-portavoce-dei-siciliani-a-roma\/","title":{"rendered":"Schifani \u201cPriorit\u00e0 ai giovani, sar\u00f2 il portavoce dei siciliani a Roma\u201d"},"content":{"rendered":"<div>\n<p>PALERMO (ITALPRESS) \u2013 \u201cPenso a una giunta di assessori politici ma che abbiano piena padronanza nelle materie oggetto di delega. Il mio dovr\u00e0 essere un governo delle competenze. Sar\u00f2 il portavoce dei siciliani a Roma\u201d. Cos\u00ec in una intervista a Libero il candidato del centrodestra alla presidenza della regione Sicilia, Renato Schifani, che prosegue: \u201cTutti i sondaggi mi danno vincente. Non mi appassiona la lotta per chi sar\u00e0 secondo o terzo. in questo momento i siciliani sentono il bisogno di affidarsi a chi sar\u00e0 in grado di migliorare la loro terra, non a chi promette mari e monti, anche con toni decisamente sopra le righe\u201d. Quanto alle priorit\u00e0 del suo governo, Schifani precisa: \u201cSaranno quattro. La prima sono i nostri giovani, per metterli nelle condizioni migliori per avere un lavoro sicuro e dignitoso. Sul piano amministrativo, presenteremo il disegno di legge per reintrodurre le Province di cui, dopo la riforma Delrio, continuiamo a pagare i dipendenti e le strutture mentre i cittadini non vedono pi\u00f9 in opera le funzioni. Chiederemo al governo nazionale la \u2018norma Gualtier\u00ec che d\u00e0 ai sindaci delle grandi citt\u00e0 poteri commissariali per realizzare termovalorizzatori. Infine, depoliticizzazione dei direttori regionali: sceglier\u00f2 i migliori al di l\u00e0 delle tessere di partito. Solo per il loro merito. Il punto di riferimento della Regione saranno i sindaci: per me non ci saranno sindaci di destra o di sinistra, vanno coinvolti sempre per il bene dei siciliani\u201d.<br \/>foto Italpress<br \/>(ITALPRESS).<div id=\"div-gpt-ad-Messinaoggi.it-DSK-300x250-corpoart\" style=\"text-align:center;margin:0 auto;\"><\/div><\/p>\n<\/div>\n<div id=\"videoincontent\" style=\"clear:both\";><\/div>","protected":false},"excerpt":{"rendered":"<p>PALERMO (ITALPRESS) \u2013 \u201cPenso a una giunta di assessori politici ma che abbiano piena padronanza nelle materie oggetto di delega. Il mio dovr\u00e0 essere un governo delle competenze. Sar\u00f2 il portavoce dei siciliani a Roma\u201d. Cos\u00ec in una intervista a Libero il candidato del centrodestra alla presidenza della regione Sicilia, Renato Schifani, che prosegue: \u201cTutti [&hellip;]<\/p>\n","protected":false},"author":18,"featured_media":121411,"comment_status":"closed","ping_status":"closed","sticky":false,"template":"","format":"standard","meta":{"ub_ctt_via":"","_mi_skip_tracking":false},"categories":[19,2449],"tags":[783],"featured_image_src":"https:\/\/www.messinaoggi.it\/website\/wp-content\/uploads\/2022\/09\/20220913_0419.jpg","author_info":{"display_name":"Admin","author_link":"https:\/\/www.messinaoggi.it\/website\/author\/admin\/"},"digistream_id":0,"digistream":false,"_links":{"self":[{"href":"https:\/\/www.messinaoggi.it\/website\/wp-json\/wp\/v2\/posts\/121410"}],"collection":[{"href":"https:\/\/www.messinaoggi.it\/website\/wp-json\/wp\/v2\/posts"}],"about":[{"href":"https:\/\/www.messinaoggi.it\/website\/wp-json\/wp\/v2\/types\/post"}],"author":[{"embeddable":true,"href":"https:\/\/www.messinaoggi.it\/website\/wp-json\/wp\/v2\/users\/18"}],"replies":[{"embeddable":true,"href":"https:\/\/www.messinaoggi.it\/website\/wp-json\/wp\/v2\/comments?post=121410"}],"version-history":[{"count":1,"href":"https:\/\/www.messinaoggi.it\/website\/wp-json\/wp\/v2\/posts\/121410\/revisions"}],"predecessor-version":[{"id":121446,"href":"https:\/\/www.messinaoggi.it\/website\/wp-json\/wp\/v2\/posts\/121410\/revisions\/121446"}],"wp:featuredmedia":[{"embeddable":true,"href":"https:\/\/www.messinaoggi.it\/website\/wp-json\/wp\/v2\/media\/121411"}],"wp:attachment":[{"href":"https:\/\/www.messinaoggi.it\/website\/wp-json\/wp\/v2\/media?parent=121410"}],"wp:term":[{"taxonomy":"category","embeddable":true,"href":"https:\/\/www.messinaoggi.it\/website\/wp-json\/wp\/v2\/categories?post=121410"},{"taxonomy":"post_tag","embeddable":true,"href":"https:\/\/www.messinaoggi.it\/website\/wp-json\/wp\/v2\/tags?post=121410"}],"curies":[{"name":"wp","href":"https:\/\/api.w.org\/{rel}","templated":true}]}}