{"id":12139,"date":"2017-11-28T21:54:17","date_gmt":"2017-11-28T20:54:17","guid":{"rendered":"http:\/\/www.messinaoggi.it\/website\/?p=12139"},"modified":"2017-11-28T21:54:17","modified_gmt":"2017-11-28T20:54:17","slug":"profughi-barricati-in-sprar-curcuraci-cacciotto-alone-di-mistero-che-caratterizza-gestione","status":"publish","type":"post","link":"https:\/\/www.messinaoggi.it\/website\/2017\/11\/28\/profughi-barricati-in-sprar-curcuraci-cacciotto-alone-di-mistero-che-caratterizza-gestione\/","title":{"rendered":"Profughi barricati in Sprar Curcuraci, Cacciotto: Alone di mistero che caratterizza gestione"},"content":{"rendered":"<p style=\"text-align: justify\">\u201cQuanto accaduto stamane allo Sprar di Curcuraci, dove i profughi si sono barricati protestando sembrerebbe per la mancata concessione del pocket money, a tal punto da richiedere l&#8217;intervento dei militari dell&#8217;arma, dimostra il grave problema migranti in citt\u00e0 e l&#8217;alone di mistero che caratterizza la gestione\u201d. A commentarlo il Consigliere della Terza Circoscrizione, Alessandro Cacciotto.<div id=\"div-gpt-ad-Messinaoggi.it-DSK-300x250-corpoart\" style=\"text-align:center;margin:0 auto;\"><\/div><\/p>\n<p style=\"text-align: justify\">\u201cMolti migranti vagano per la citt\u00e0 senza meta, fuori controllo. Non c&#8217;\u00e8 nessuna forma di integrazione e l&#8217;accoglienza resta un grosso punto interrogativo. Con i colleghi Gioveni e Carreri ho pi\u00f9 volte rappresentato le preoccupazioni sulla ex caserma di Bisconte per la quale \u00e8 in corso il nuovo bando per la gestione\u201d.<div id=\"videoincontent\" style=\"clear:both\";><\/div><\/p>\n<p style=\"text-align: justify\">\u201cRitengo sia necessario un cambio di passo nell&#8217;accoglienza e sarebbe opportuno che il Sindaco, latitante sull&#8217;argomento, facesse sentire la sua voce\u201d.<\/p>\n<p style=\"text-align: justify\">La soluzione di Cacciotto si troverebbe nello stilare, come successo in altre citt\u00e0, dei protocolli tra la Prefettura e le cooperative che si occupano i migranti in cui quest&#8217;ultimi siano impegnati in lavori socialmente utili. Insomma, non \u00e8 pi\u00f9 possibile tacere sulla delicata questione dei migranti che investe la nostra citt\u00e0.<\/p>\n","protected":false},"excerpt":{"rendered":"<p>\u201cQuanto accaduto stamane allo Sprar di Curcuraci, dove i profughi si sono barricati protestando sembrerebbe per la mancata concessione del pocket money, a tal punto da richiedere l&#8217;intervento dei militari dell&#8217;arma, dimostra il grave problema migranti in citt\u00e0 e l&#8217;alone di mistero che caratterizza la gestione\u201d. A commentarlo il Consigliere della Terza Circoscrizione, Alessandro Cacciotto. [&hellip;]<\/p>\n","protected":false},"author":7,"featured_media":1545,"comment_status":"closed","ping_status":"open","sticky":false,"template":"","format":"standard","meta":{"ub_ctt_via":"","_mi_skip_tracking":false},"categories":[4],"tags":[],"featured_image_src":"https:\/\/www.messinaoggi.it\/website\/wp-content\/uploads\/2017\/06\/Migranti-attesa-identificazione-2.jpg","author_info":{"display_name":"Redazione1","author_link":"https:\/\/www.messinaoggi.it\/website\/author\/redazione1\/"},"digistream_id":0,"digistream":false,"_links":{"self":[{"href":"https:\/\/www.messinaoggi.it\/website\/wp-json\/wp\/v2\/posts\/12139"}],"collection":[{"href":"https:\/\/www.messinaoggi.it\/website\/wp-json\/wp\/v2\/posts"}],"about":[{"href":"https:\/\/www.messinaoggi.it\/website\/wp-json\/wp\/v2\/types\/post"}],"author":[{"embeddable":true,"href":"https:\/\/www.messinaoggi.it\/website\/wp-json\/wp\/v2\/users\/7"}],"replies":[{"embeddable":true,"href":"https:\/\/www.messinaoggi.it\/website\/wp-json\/wp\/v2\/comments?post=12139"}],"version-history":[{"count":0,"href":"https:\/\/www.messinaoggi.it\/website\/wp-json\/wp\/v2\/posts\/12139\/revisions"}],"wp:featuredmedia":[{"embeddable":true,"href":"https:\/\/www.messinaoggi.it\/website\/wp-json\/wp\/v2\/media\/1545"}],"wp:attachment":[{"href":"https:\/\/www.messinaoggi.it\/website\/wp-json\/wp\/v2\/media?parent=12139"}],"wp:term":[{"taxonomy":"category","embeddable":true,"href":"https:\/\/www.messinaoggi.it\/website\/wp-json\/wp\/v2\/categories?post=12139"},{"taxonomy":"post_tag","embeddable":true,"href":"https:\/\/www.messinaoggi.it\/website\/wp-json\/wp\/v2\/tags?post=12139"}],"curies":[{"name":"wp","href":"https:\/\/api.w.org\/{rel}","templated":true}]}}