{"id":121377,"date":"2022-09-13T09:32:50","date_gmt":"2022-09-13T07:32:50","guid":{"rendered":"https:\/\/www.messinaoggi.it\/website\/2022\/09\/13\/elezioni-minardo-la-sicilia-si-rilancia-con-il-lavoro\/"},"modified":"2022-09-13T10:27:31","modified_gmt":"2022-09-13T08:27:31","slug":"elezioni-minardo-la-sicilia-si-rilancia-con-il-lavoro","status":"publish","type":"post","link":"https:\/\/www.messinaoggi.it\/website\/2022\/09\/13\/elezioni-minardo-la-sicilia-si-rilancia-con-il-lavoro\/","title":{"rendered":"Elezioni, Minardo \u201cLa Sicilia si rilancia con il lavoro\u201d"},"content":{"rendered":"<div>\n<p>PALERMO (ITALPRESS) \u2013 \u201cOccorre sostenere i settori economici che sono in grande sofferenza dopo la pandemia e dopo una guerra che oggi sta portando grandi difficolt\u00e0, a partire dal caro bollette. C\u2019\u00e8 bisogno di una politica che, di concerto con un governo nazionale speriamo finalmente eletto dagli italiani, possa mettere in atto tutti quei provvedimenti necessari per poter ridare ossigeno e lavoro a questa terra, affinch\u00e8 diventi una terra di opportunit\u00e0 e non una terra dove venire solo a trascorrere le vacanze e poi essere costretti ad andare via per studiare o lavorare\u201d. Lo ha detto Nino Minardo, segretario regionale della Lega in Sicilia, in un\u2019intervista all\u2019Italpress, parlando delle priorit\u00e0 del suo partito in vista delle elezioni nazionali e regionali del prossimo 25 settembre.<br \/>Per Minardo l\u2019obiettivo principale \u00e8 \u201cil lavoro\u201d. \u201cUna parola che continuo a ripetere e sottolineare \u2013 ha spiegato \u2013 perch\u00e8 ritengo che questa terra, come il resto d\u2019Italia, oggi chieda a gran voce lavoro, lavoro di quello vero\u201d.<br \/>Per le Regionali in Sicilia la coalizione di centrodestra ha trovato la quadra attorno al nome di Renato Schifani e il segretario della Lega sull\u2019Isola si ritiene convinto della tenuta della coalizione dopo il voto. \u201cSono 25 anni \u2013 ha evidenziato Minardo \u2013 che il centrodestra in Sicilia si presenta unito e compatto a ogni appuntamento elettorale e sono 25 anni che il centrodestra risulta vincente quando \u00e8 unito. Sono convintissimo del fatto \u2013 ha continuato \u2013 che riusciremo tutti insieme a governare. Lo faremo con grande impegno per dare risposte concrete ai siciliani. Se c\u2019\u00e8 per\u00f2 una cosa sulla quale \u00e8 corretto che ognuno di noi faccia autocritica \u2013 ha aggiunto \u2013 \u00e8 il fatto di doverci impegnare a litigare meno, soprattutto sui giornali. Il confronto ci sta: \u00e8 corretto che in una grande famiglia come la nostra si discuta anche animatamente ma bisogna farlo all\u2019interno delle sedi opportune e non sui giornali. Dovremo lavorare tanto \u2013 ha sottolineato \u2013 per isolare coloro che, per fortuna sono sempre meno, lavorano per dividere e seminare zizzanie. Di questi ancora qualcuno in giro c\u2019\u00e8 anche nel centrodestra ma sono certo che saranno gli stessi siciliani a isolarli\u201d.<br \/>Tra i temi da affrontare c\u2019\u00e8 anche quello dell\u2019immigrazione, che \u00e8 ancora un\u2019emergenza soprattutto in Sicilia. \u201cIl tema dell\u2019immigrazione clandestina \u2013 ha spiegato Minardo \u2013 rientra in un progetto pi\u00f9 ampio e in uno dei punti fondamentali del programma del centrodestra, soprattutto della Lega, che riguarda la sicurezza. La sicurezza dei cittadini \u00e8 fondamentale e noi dobbiamo lavorare per assicurarla ogni giorno di pi\u00f9\u201d, ha aggiunto, parlando di \u201caumento delle risorse sia economiche che nel numero di persone impegnate all\u2019interno delle forze dell\u2019ordine\u201d. \u201cQuanto all\u2019immigrazione clandestina \u2013 ha proseguito -, dobbiamo fare semplicemente quello che gi\u00e0 \u00e8 stato fatto da Matteo Salvini quando era ministro dell\u2019Interno: cinque anni fa in campagna elettorale ha promesso che avrebbe lavorato per fermare gli sbarchi irregolari e il traffico di vite umane e poi da ministro dell\u2019interno lo ha fatto. Rivogliamo i decreti Sicurezza \u2013 ha aggiunto -, vogliamo fermare l\u2019immigrazione clandestina. E\u2019 giusto accogliere chi veramente scappa dalla guerra, che va accolto, sostenuto e aiutato, ma \u00e8 giusto fermare quello che \u00e8 un vero e proprio traffico illegale di vite umane\u201d, ha concluso.<div id=\"div-gpt-ad-Messinaoggi.it-DSK-300x250-corpoart\" style=\"text-align:center;margin:0 auto;\"><\/div><\/p>\n<p>\u2013 foto ufficio stampa Lega Sicilia \u2013<div id=\"videoincontent\" style=\"clear:both\";><\/div><\/p>\n<p>(ITALPRESS).<\/p>\n<\/div>\n","protected":false},"excerpt":{"rendered":"<p>PALERMO (ITALPRESS) \u2013 \u201cOccorre sostenere i settori economici che sono in grande sofferenza dopo la pandemia e dopo una guerra che oggi sta portando grandi difficolt\u00e0, a partire dal caro bollette. C\u2019\u00e8 bisogno di una politica che, di concerto con un governo nazionale speriamo finalmente eletto dagli italiani, possa mettere in atto tutti quei provvedimenti [&hellip;]<\/p>\n","protected":false},"author":18,"featured_media":121378,"comment_status":"closed","ping_status":"closed","sticky":false,"template":"","format":"standard","meta":{"ub_ctt_via":"","_mi_skip_tracking":false},"categories":[11,2449],"tags":[783],"featured_image_src":"https:\/\/www.messinaoggi.it\/website\/wp-content\/uploads\/2022\/09\/20220913_0142.jpg","author_info":{"display_name":"Admin","author_link":"https:\/\/www.messinaoggi.it\/website\/author\/admin\/"},"digistream_id":0,"digistream":false,"_links":{"self":[{"href":"https:\/\/www.messinaoggi.it\/website\/wp-json\/wp\/v2\/posts\/121377"}],"collection":[{"href":"https:\/\/www.messinaoggi.it\/website\/wp-json\/wp\/v2\/posts"}],"about":[{"href":"https:\/\/www.messinaoggi.it\/website\/wp-json\/wp\/v2\/types\/post"}],"author":[{"embeddable":true,"href":"https:\/\/www.messinaoggi.it\/website\/wp-json\/wp\/v2\/users\/18"}],"replies":[{"embeddable":true,"href":"https:\/\/www.messinaoggi.it\/website\/wp-json\/wp\/v2\/comments?post=121377"}],"version-history":[{"count":1,"href":"https:\/\/www.messinaoggi.it\/website\/wp-json\/wp\/v2\/posts\/121377\/revisions"}],"predecessor-version":[{"id":121394,"href":"https:\/\/www.messinaoggi.it\/website\/wp-json\/wp\/v2\/posts\/121377\/revisions\/121394"}],"wp:featuredmedia":[{"embeddable":true,"href":"https:\/\/www.messinaoggi.it\/website\/wp-json\/wp\/v2\/media\/121378"}],"wp:attachment":[{"href":"https:\/\/www.messinaoggi.it\/website\/wp-json\/wp\/v2\/media?parent=121377"}],"wp:term":[{"taxonomy":"category","embeddable":true,"href":"https:\/\/www.messinaoggi.it\/website\/wp-json\/wp\/v2\/categories?post=121377"},{"taxonomy":"post_tag","embeddable":true,"href":"https:\/\/www.messinaoggi.it\/website\/wp-json\/wp\/v2\/tags?post=121377"}],"curies":[{"name":"wp","href":"https:\/\/api.w.org\/{rel}","templated":true}]}}