{"id":12129,"date":"2017-11-28T15:12:21","date_gmt":"2017-11-28T14:12:21","guid":{"rendered":"http:\/\/www.messinaoggi.it\/website\/?p=12129"},"modified":"2017-11-28T15:12:21","modified_gmt":"2017-11-28T14:12:21","slug":"mobilita-sostenibile-a-natale-come-pensarla-ricette-del-protocollo-dintesa-giovedi-30","status":"publish","type":"post","link":"https:\/\/www.messinaoggi.it\/website\/2017\/11\/28\/mobilita-sostenibile-a-natale-come-pensarla-ricette-del-protocollo-dintesa-giovedi-30\/","title":{"rendered":"Mobilit\u00e0 Sostenibile a Natale, come pensarla? \u201cRicette\u201d del Protocollo d\u2019Intesa gioved\u00ec 30"},"content":{"rendered":"<p style=\"text-align: justify\">Come si potranno coniugare le aspettative degli esercenti e la visione di ci\u00f2 che occorre per la mobilit\u00e0 sostenibile della citt\u00e0 nel periodo delle festivit\u00e0 natalizie? Il protocollo d\u2019intesa che ha mixato questi requisiti \u00e8 stato siglato ieri &#8211; luned\u00ec 27 tra Comune di Messina, Atm e Confesercenti, Confcommercio; Confartigianato; Messina Pedonale e Millevetrine e sar\u00e0 presentato gioved\u00ec 30, alle ore 10, in conferenza stampa, nella Sala Falcone Borsellino di Palazzo Zanca. A coordinarlo il vicesindaco e assessore alla Mobilit\u00e0, Viabilit\u00e0 e Trasporti, Gaetano Cacciola, insieme a Daniele De Almagro e Alberto Ciccone, rispettivamente direttore generale e componente il consiglio di amministrazione dell\u2019Azienda Trasporti Messina (ATM ).<div id=\"div-gpt-ad-Messinaoggi.it-DSK-300x250-corpoart\" style=\"text-align:center;margin:0 auto;\"><\/div><\/p>\n<p style=\"text-align: justify\">L\u2019accordo verr\u00e0 chiarito all\u2019incontro stampa con Alberto Palella per Confesercenti; in audio conferenza Carmelo Picciotto per Confcommercio; Alessandro Allegra di Confartigianato; Marco Mul\u00e8 per Messina Pedonale e Sandro Penna per Millevetrine.<div id=\"videoincontent\" style=\"clear:both\";><\/div><\/p>\n","protected":false},"excerpt":{"rendered":"<p>Come si potranno coniugare le aspettative degli esercenti e la visione di ci\u00f2 che occorre per la mobilit\u00e0 sostenibile della citt\u00e0 nel periodo delle festivit\u00e0 natalizie? Il protocollo d\u2019intesa che ha mixato questi requisiti \u00e8 stato siglato ieri &#8211; luned\u00ec 27 tra Comune di Messina, Atm e Confesercenti, Confcommercio; Confartigianato; Messina Pedonale e Millevetrine e [&hellip;]<\/p>\n","protected":false},"author":7,"featured_media":8185,"comment_status":"closed","ping_status":"open","sticky":false,"template":"","format":"standard","meta":{"ub_ctt_via":"","_mi_skip_tracking":false},"categories":[4],"tags":[],"featured_image_src":"https:\/\/www.messinaoggi.it\/website\/wp-content\/uploads\/2017\/09\/isola-pedonale-via-1\u00b0settembreRRP_7363-2.jpg","author_info":{"display_name":"Redazione1","author_link":"https:\/\/www.messinaoggi.it\/website\/author\/redazione1\/"},"digistream_id":0,"digistream":false,"_links":{"self":[{"href":"https:\/\/www.messinaoggi.it\/website\/wp-json\/wp\/v2\/posts\/12129"}],"collection":[{"href":"https:\/\/www.messinaoggi.it\/website\/wp-json\/wp\/v2\/posts"}],"about":[{"href":"https:\/\/www.messinaoggi.it\/website\/wp-json\/wp\/v2\/types\/post"}],"author":[{"embeddable":true,"href":"https:\/\/www.messinaoggi.it\/website\/wp-json\/wp\/v2\/users\/7"}],"replies":[{"embeddable":true,"href":"https:\/\/www.messinaoggi.it\/website\/wp-json\/wp\/v2\/comments?post=12129"}],"version-history":[{"count":0,"href":"https:\/\/www.messinaoggi.it\/website\/wp-json\/wp\/v2\/posts\/12129\/revisions"}],"wp:featuredmedia":[{"embeddable":true,"href":"https:\/\/www.messinaoggi.it\/website\/wp-json\/wp\/v2\/media\/8185"}],"wp:attachment":[{"href":"https:\/\/www.messinaoggi.it\/website\/wp-json\/wp\/v2\/media?parent=12129"}],"wp:term":[{"taxonomy":"category","embeddable":true,"href":"https:\/\/www.messinaoggi.it\/website\/wp-json\/wp\/v2\/categories?post=12129"},{"taxonomy":"post_tag","embeddable":true,"href":"https:\/\/www.messinaoggi.it\/website\/wp-json\/wp\/v2\/tags?post=12129"}],"curies":[{"name":"wp","href":"https:\/\/api.w.org\/{rel}","templated":true}]}}