{"id":121122,"date":"2022-09-10T22:07:50","date_gmt":"2022-09-10T20:07:50","guid":{"rendered":"https:\/\/www.messinaoggi.it\/website\/2022\/09\/10\/elezioni-meloni-reddito-di-cittadinanza-non-e-soluzione-a-poverta\/"},"modified":"2022-09-10T22:07:50","modified_gmt":"2022-09-10T20:07:50","slug":"elezioni-meloni-reddito-di-cittadinanza-non-e-soluzione-a-poverta","status":"publish","type":"post","link":"https:\/\/www.messinaoggi.it\/website\/2022\/09\/10\/elezioni-meloni-reddito-di-cittadinanza-non-e-soluzione-a-poverta\/","title":{"rendered":"Elezioni, Meloni \u201cReddito di cittadinanza non \u00e8 soluzione a povert\u00e0\u201d"},"content":{"rendered":"<div>MESTRE (ITALPRESS) &#8211; &#8220;Poi dicono che la Meloni detesta i poveri&#8230; Proprio perch\u00e8 voglio aiutarli credo che il Reddito di cittadinanza non sia la soluzione. E&#8217; sbagliato perch\u00e8 non mette sullo stesso piano chi non pu\u00f2 lavorare e chi \u00e8 in condizione di lavorare. La risposta \u00e8 il lavoro, la dignit\u00e0 del lavoro&#8221;. Lo ha detto Giorgia Meloni, leader di FdI, a Mestre.<br \/>(ITALPRESS).<div id=\"div-gpt-ad-Messinaoggi.it-DSK-300x250-corpoart\" style=\"text-align:center;margin:0 auto;\"><\/div><\/p>\n<p>&#8211; credit photo agenziafotogramma.it &#8211;<div id=\"videoincontent\" style=\"clear:both\";><\/div><\/p><\/div>\n","protected":false},"excerpt":{"rendered":"<p>MESTRE (ITALPRESS) &#8211; &#8220;Poi dicono che la Meloni detesta i poveri&#8230; Proprio perch\u00e8 voglio aiutarli credo che il Reddito di cittadinanza non sia la soluzione. E&#8217; sbagliato perch\u00e8 non mette sullo stesso piano chi non pu\u00f2 lavorare e chi \u00e8 in condizione di lavorare. La risposta \u00e8 il lavoro, la dignit\u00e0 del lavoro&#8221;. Lo ha [&hellip;]<\/p>\n","protected":false},"author":18,"featured_media":121123,"comment_status":"closed","ping_status":"closed","sticky":false,"template":"","format":"standard","meta":{"ub_ctt_via":"","_mi_skip_tracking":false},"categories":[446],"tags":[783],"featured_image_src":"https:\/\/www.messinaoggi.it\/website\/wp-content\/uploads\/2022\/09\/20220910_1684.jpg","author_info":{"display_name":"Admin","author_link":"https:\/\/www.messinaoggi.it\/website\/author\/admin\/"},"digistream_id":0,"digistream":false,"_links":{"self":[{"href":"https:\/\/www.messinaoggi.it\/website\/wp-json\/wp\/v2\/posts\/121122"}],"collection":[{"href":"https:\/\/www.messinaoggi.it\/website\/wp-json\/wp\/v2\/posts"}],"about":[{"href":"https:\/\/www.messinaoggi.it\/website\/wp-json\/wp\/v2\/types\/post"}],"author":[{"embeddable":true,"href":"https:\/\/www.messinaoggi.it\/website\/wp-json\/wp\/v2\/users\/18"}],"replies":[{"embeddable":true,"href":"https:\/\/www.messinaoggi.it\/website\/wp-json\/wp\/v2\/comments?post=121122"}],"version-history":[{"count":0,"href":"https:\/\/www.messinaoggi.it\/website\/wp-json\/wp\/v2\/posts\/121122\/revisions"}],"wp:featuredmedia":[{"embeddable":true,"href":"https:\/\/www.messinaoggi.it\/website\/wp-json\/wp\/v2\/media\/121123"}],"wp:attachment":[{"href":"https:\/\/www.messinaoggi.it\/website\/wp-json\/wp\/v2\/media?parent=121122"}],"wp:term":[{"taxonomy":"category","embeddable":true,"href":"https:\/\/www.messinaoggi.it\/website\/wp-json\/wp\/v2\/categories?post=121122"},{"taxonomy":"post_tag","embeddable":true,"href":"https:\/\/www.messinaoggi.it\/website\/wp-json\/wp\/v2\/tags?post=121122"}],"curies":[{"name":"wp","href":"https:\/\/api.w.org\/{rel}","templated":true}]}}