{"id":12106,"date":"2017-11-28T19:30:46","date_gmt":"2017-11-28T18:30:46","guid":{"rendered":"http:\/\/www.messinaoggi.it\/website\/?p=12106"},"modified":"2017-11-28T19:30:46","modified_gmt":"2017-11-28T18:30:46","slug":"la-giunta-musumeci-e-quasi-pronta-micciche-grasso-sara-certamente-assessore","status":"publish","type":"post","link":"https:\/\/www.messinaoggi.it\/website\/2017\/11\/28\/la-giunta-musumeci-e-quasi-pronta-micciche-grasso-sara-certamente-assessore\/","title":{"rendered":"La Giunta Musumeci \u00e8 quasi pronta. Miccich\u00e8: &#039;Grasso sar\u00e0 certamente assessore&#039;"},"content":{"rendered":"<p><span style=\"color: #000000\"><span style=\"font-family: Arial, sans-serif\"><span style=\"font-size: medium\">La giunta Musumeci \u00e8 quasi pronta. E&#8217; questione di poche ore prima che si insedi ufficialmente il governo regionale, e intanto aumentano sempre pi\u00f9 le indiscrezioni sui nomi dei futuri assessori. Tuttavia una cosa sembrerebbe essere certa: il catanese Marco Falcone e la messinese Bernadette Grasso ne faranno parte. Parola di Gianfranco Miccich\u00e8, commissario di Forza Italia in Sicilia, che rispondendo alle domande di Adnkronos ha affermato: &#8220;Marco Falcone e Bernardette Grasso saranno certamente assessori, sugli altri nomi stiamo lavorando&#8221;.<\/span><\/span><\/span><br \/>\n<span style=\"color: #000000\"><span style=\"font-family: Arial, sans-serif\">Per quanto riguarda il resto della giunta, secondo alcune indiscrezioni riportate dall&#8217;ANSA, dovrebbe essere costituita da Gaetano Armao (Economia), Roberto Lagalla (Formazione) e Vittorio Sgarbi (Beni Culturali). A questi andrebbero aggiunti Giuseppe Guagliana ed Edy Bandiera, due assessori Udc, uno Fratelli d\u2019Italia, uno Diventer\u00e0 Bellissima e uno Cantiere popolare. <\/span><\/span><div id=\"div-gpt-ad-Messinaoggi.it-DSK-300x250-corpoart\" style=\"text-align:center;margin:0 auto;\"><\/div><\/p>\n<div id=\"videoincontent\" style=\"clear:both\";><\/div>","protected":false},"excerpt":{"rendered":"<p>La giunta Musumeci \u00e8 quasi pronta. E&#8217; questione di poche ore prima che si insedi ufficialmente il governo regionale, e intanto aumentano sempre pi\u00f9 le indiscrezioni sui nomi dei futuri assessori. Tuttavia una cosa sembrerebbe essere certa: il catanese Marco Falcone e la messinese Bernadette Grasso ne faranno parte. Parola di Gianfranco Miccich\u00e8, commissario di [&hellip;]<\/p>\n","protected":false},"author":8,"featured_media":2211,"comment_status":"closed","ping_status":"open","sticky":false,"template":"","format":"standard","meta":{"ub_ctt_via":"","_mi_skip_tracking":false},"categories":[11],"tags":[],"featured_image_src":"https:\/\/www.messinaoggi.it\/website\/wp-content\/uploads\/2017\/06\/grasso-bernadette-deputato-2.jpg","author_info":{"display_name":"red..me","author_link":"https:\/\/www.messinaoggi.it\/website\/author\/redstage\/"},"digistream_id":0,"digistream":false,"_links":{"self":[{"href":"https:\/\/www.messinaoggi.it\/website\/wp-json\/wp\/v2\/posts\/12106"}],"collection":[{"href":"https:\/\/www.messinaoggi.it\/website\/wp-json\/wp\/v2\/posts"}],"about":[{"href":"https:\/\/www.messinaoggi.it\/website\/wp-json\/wp\/v2\/types\/post"}],"author":[{"embeddable":true,"href":"https:\/\/www.messinaoggi.it\/website\/wp-json\/wp\/v2\/users\/8"}],"replies":[{"embeddable":true,"href":"https:\/\/www.messinaoggi.it\/website\/wp-json\/wp\/v2\/comments?post=12106"}],"version-history":[{"count":0,"href":"https:\/\/www.messinaoggi.it\/website\/wp-json\/wp\/v2\/posts\/12106\/revisions"}],"wp:featuredmedia":[{"embeddable":true,"href":"https:\/\/www.messinaoggi.it\/website\/wp-json\/wp\/v2\/media\/2211"}],"wp:attachment":[{"href":"https:\/\/www.messinaoggi.it\/website\/wp-json\/wp\/v2\/media?parent=12106"}],"wp:term":[{"taxonomy":"category","embeddable":true,"href":"https:\/\/www.messinaoggi.it\/website\/wp-json\/wp\/v2\/categories?post=12106"},{"taxonomy":"post_tag","embeddable":true,"href":"https:\/\/www.messinaoggi.it\/website\/wp-json\/wp\/v2\/tags?post=12106"}],"curies":[{"name":"wp","href":"https:\/\/api.w.org\/{rel}","templated":true}]}}