{"id":120972,"date":"2022-09-09T14:07:52","date_gmt":"2022-09-09T12:07:52","guid":{"rendered":"https:\/\/www.messinaoggi.it\/website\/2022\/09\/09\/la-premier-league-si-ferma-per-elisabetta-ii-il-19-9-i-funerali\/"},"modified":"2022-09-09T15:57:47","modified_gmt":"2022-09-09T13:57:47","slug":"la-premier-league-si-ferma-per-elisabetta-ii-il-19-9-i-funerali","status":"publish","type":"post","link":"https:\/\/www.messinaoggi.it\/website\/2022\/09\/09\/la-premier-league-si-ferma-per-elisabetta-ii-il-19-9-i-funerali\/","title":{"rendered":"La Premier League si ferma per Elisabetta II, il 19\/9 i funerali"},"content":{"rendered":"<div>ROMA (ITALPRESS) &#8211; I funerali di Stato della regina Elisabetta si terranno luned\u00ec 19 settembre presso l&#8217;Abbazia di Westminster. A riportare la notizia sono i media del Regno Unito.<br \/>La Premier League per questo fine settimana si ferma. Questa la decisione del calcio inglese &#8220;in segno di rispetto per Sua Maest\u00e0 la Regina Elisabetta II&#8221;. I club della Premier hanno deciso di rinviare le gare della settima giornata di campionato e nella riunione di stamane &#8220;hanno reso omaggio alla Regina. Per onorare la sua vita straordinaria e il suo contributo alla nazione, e in segno di rispetto, il turno di Premier League di questo fine settimana sar\u00e0 posticipato, inclusa la partita di luned\u00ec sera&#8221;. L&#8217;amministratore delegato della Premier, Richard Masters, ha spiegato: &#8220;Noi e i nostri club vogliamo rendere omaggio al lungo e incrollabile servizio di Sua Maest\u00e0 al nostro Paese. La nostra Regina pi\u00f9 longeva, \u00e8 stata un&#8217;ispirazione e lascia un&#8217;incredibile eredit\u00e0 dopo una vita di dedizione. Questo \u00e8 un momento tremendamente triste non solo per la nazione, ma anche per milioni di persone in tutto il mondo che l&#8217;hanno ammirata, noi ci uniamo a tutti coloro che piangono la sua scomparsa&#8221;. <br \/>Si fermano anche gli altri campionati. Tutte le gare della English Football League, in programma nel weekend, sono state rinviate. <div id=\"div-gpt-ad-Messinaoggi.it-DSK-300x250-corpoart\" style=\"text-align:center;margin:0 auto;\"><\/div><\/p>\n<p>&#8211; foto Agenziafotogramma.it &#8211;<div id=\"videoincontent\" style=\"clear:both\";><\/div><\/p>\n<p>(ITALPRESS).<\/p><\/div>\n","protected":false},"excerpt":{"rendered":"<p>ROMA (ITALPRESS) &#8211; I funerali di Stato della regina Elisabetta si terranno luned\u00ec 19 settembre presso l&#8217;Abbazia di Westminster. A riportare la notizia sono i media del Regno Unito.La Premier League per questo fine settimana si ferma. Questa la decisione del calcio inglese &#8220;in segno di rispetto per Sua Maest\u00e0 la Regina Elisabetta II&#8221;. I [&hellip;]<\/p>\n","protected":false},"author":18,"featured_media":120973,"comment_status":"closed","ping_status":"closed","sticky":false,"template":"","format":"standard","meta":{"ub_ctt_via":"","_mi_skip_tracking":false},"categories":[10,446,9],"tags":[783],"featured_image_src":"https:\/\/www.messinaoggi.it\/website\/wp-content\/uploads\/2022\/09\/20220909_0606.jpg","author_info":{"display_name":"Admin","author_link":"https:\/\/www.messinaoggi.it\/website\/author\/admin\/"},"digistream_id":0,"digistream":false,"_links":{"self":[{"href":"https:\/\/www.messinaoggi.it\/website\/wp-json\/wp\/v2\/posts\/120972"}],"collection":[{"href":"https:\/\/www.messinaoggi.it\/website\/wp-json\/wp\/v2\/posts"}],"about":[{"href":"https:\/\/www.messinaoggi.it\/website\/wp-json\/wp\/v2\/types\/post"}],"author":[{"embeddable":true,"href":"https:\/\/www.messinaoggi.it\/website\/wp-json\/wp\/v2\/users\/18"}],"replies":[{"embeddable":true,"href":"https:\/\/www.messinaoggi.it\/website\/wp-json\/wp\/v2\/comments?post=120972"}],"version-history":[{"count":1,"href":"https:\/\/www.messinaoggi.it\/website\/wp-json\/wp\/v2\/posts\/120972\/revisions"}],"predecessor-version":[{"id":120989,"href":"https:\/\/www.messinaoggi.it\/website\/wp-json\/wp\/v2\/posts\/120972\/revisions\/120989"}],"wp:featuredmedia":[{"embeddable":true,"href":"https:\/\/www.messinaoggi.it\/website\/wp-json\/wp\/v2\/media\/120973"}],"wp:attachment":[{"href":"https:\/\/www.messinaoggi.it\/website\/wp-json\/wp\/v2\/media?parent=120972"}],"wp:term":[{"taxonomy":"category","embeddable":true,"href":"https:\/\/www.messinaoggi.it\/website\/wp-json\/wp\/v2\/categories?post=120972"},{"taxonomy":"post_tag","embeddable":true,"href":"https:\/\/www.messinaoggi.it\/website\/wp-json\/wp\/v2\/tags?post=120972"}],"curies":[{"name":"wp","href":"https:\/\/api.w.org\/{rel}","templated":true}]}}