{"id":120919,"date":"2022-09-09T10:07:57","date_gmt":"2022-09-09T08:07:57","guid":{"rendered":"https:\/\/www.messinaoggi.it\/website\/2022\/09\/09\/covid-in-calo-incidenza-settimanale-e-intensive-in-aumento-lrt\/"},"modified":"2022-09-09T11:08:17","modified_gmt":"2022-09-09T09:08:17","slug":"covid-in-calo-incidenza-settimanale-e-intensive-in-aumento-lrt","status":"publish","type":"post","link":"https:\/\/www.messinaoggi.it\/website\/2022\/09\/09\/covid-in-calo-incidenza-settimanale-e-intensive-in-aumento-lrt\/","title":{"rendered":"Covid, in calo incidenza settimanale e intensive, in aumento l\u2019Rt"},"content":{"rendered":"<div>ROMA (ITALPRESS) &#8211; In calo l&#8217;incidenza settimanale e l&#8217;occupazione dei posti in terapia intensiva; mentre \u00e8 in aumento l&#8217;Rt medio. Questi i risultati emersi dalla Cabina di Regia dell&#8217;Istituto Superiore di Sanit\u00e0. Cala, come scritto, l&#8217;incidenza settimanale a livello nazionale: 197 ogni 100.000 abitanti (02\/09\/2022 -08\/09\/2022) vs 243 ogni 100.000 abitanti (26\/08\/2022 -01\/09\/2022). Nel periodo 17-30 agosto 2022, l&#8217;Rt medio calcolato sui casi sintomatici \u00e8 stato pari a 0,92 (range 0,78-1,04), in aumento rispetto alla settimana precedente. L&#8217;indice di trasmissibilit\u00e0 basato sui casi con ricovero ospedaliero \u00e8 stabile e sotto la soglia epidemica: Rt=0,88 (0.84-0.92) vs Rt=0.85 (0,82-0,89) al 23\/08\/2022. Il tasso di occupazione in terapia intensiva \u00e8 in calo al 1,9% (rilevazione giornaliera Ministero della Salute al 08 settembre ) vs  2,1% (rilevazione giornaliera Ministero della Salute al 01 settembre). Il tasso di occupazione in aree mediche a livello nazionale scende al 6,5% (rilevazione giornaliera Ministero della Salute al 08 settembre) vs 7,7% (rilevazione giornaliera Ministero della Salute al 01 settembre).<br \/>Tre Regioni sono classificate a rischio moderato ai sensi del DM del 30 aprile 2020, le restanti 18 Regioni\/PPAA sono classificate a rischio basso. Cinque Regioni\/PPAA riportano almeno una allerta di resilienza. Una Regione riporta molteplici allerte di resilienza. La percentuale dei casi rilevati attraverso l&#8217;attivit\u00e0 di tracciamento dei contatti \u00e8 stabile rispetto alla settimana precedente (12% vs 12%). In aumento la percentuale dei casi rilevati attraverso la comparsa dei sintomi (51% vs 48%), e in diminuzione la percentuale dei casi diagnosticati attraverso attivit\u00e0 di screening (38% vs 40%).<div id=\"div-gpt-ad-Messinaoggi.it-DSK-300x250-corpoart\" style=\"text-align:center;margin:0 auto;\"><\/div><\/p>\n<p>foto: agenziafotogramma.it<div id=\"videoincontent\" style=\"clear:both\";><\/div><\/p>\n<p>(ITALPRESS).<\/p><\/div>\n","protected":false},"excerpt":{"rendered":"<p>ROMA (ITALPRESS) &#8211; In calo l&#8217;incidenza settimanale e l&#8217;occupazione dei posti in terapia intensiva; mentre \u00e8 in aumento l&#8217;Rt medio. Questi i risultati emersi dalla Cabina di Regia dell&#8217;Istituto Superiore di Sanit\u00e0. Cala, come scritto, l&#8217;incidenza settimanale a livello nazionale: 197 ogni 100.000 abitanti (02\/09\/2022 -08\/09\/2022) vs 243 ogni 100.000 abitanti (26\/08\/2022 -01\/09\/2022). Nel periodo [&hellip;]<\/p>\n","protected":false},"author":18,"featured_media":120920,"comment_status":"closed","ping_status":"closed","sticky":false,"template":"","format":"standard","meta":{"ub_ctt_via":"","_mi_skip_tracking":false},"categories":[221,446],"tags":[783],"featured_image_src":"https:\/\/www.messinaoggi.it\/website\/wp-content\/uploads\/2022\/09\/20220909_0152.jpg","author_info":{"display_name":"Admin","author_link":"https:\/\/www.messinaoggi.it\/website\/author\/admin\/"},"digistream_id":0,"digistream":false,"_links":{"self":[{"href":"https:\/\/www.messinaoggi.it\/website\/wp-json\/wp\/v2\/posts\/120919"}],"collection":[{"href":"https:\/\/www.messinaoggi.it\/website\/wp-json\/wp\/v2\/posts"}],"about":[{"href":"https:\/\/www.messinaoggi.it\/website\/wp-json\/wp\/v2\/types\/post"}],"author":[{"embeddable":true,"href":"https:\/\/www.messinaoggi.it\/website\/wp-json\/wp\/v2\/users\/18"}],"replies":[{"embeddable":true,"href":"https:\/\/www.messinaoggi.it\/website\/wp-json\/wp\/v2\/comments?post=120919"}],"version-history":[{"count":1,"href":"https:\/\/www.messinaoggi.it\/website\/wp-json\/wp\/v2\/posts\/120919\/revisions"}],"predecessor-version":[{"id":120925,"href":"https:\/\/www.messinaoggi.it\/website\/wp-json\/wp\/v2\/posts\/120919\/revisions\/120925"}],"wp:featuredmedia":[{"embeddable":true,"href":"https:\/\/www.messinaoggi.it\/website\/wp-json\/wp\/v2\/media\/120920"}],"wp:attachment":[{"href":"https:\/\/www.messinaoggi.it\/website\/wp-json\/wp\/v2\/media?parent=120919"}],"wp:term":[{"taxonomy":"category","embeddable":true,"href":"https:\/\/www.messinaoggi.it\/website\/wp-json\/wp\/v2\/categories?post=120919"},{"taxonomy":"post_tag","embeddable":true,"href":"https:\/\/www.messinaoggi.it\/website\/wp-json\/wp\/v2\/tags?post=120919"}],"curies":[{"name":"wp","href":"https:\/\/api.w.org\/{rel}","templated":true}]}}