{"id":120820,"date":"2022-09-08T13:47:52","date_gmt":"2022-09-08T11:47:52","guid":{"rendered":"https:\/\/www.messinaoggi.it\/website\/2022\/09\/08\/covid-in-sicilia-continuano-a-calare-i-contagi-e-le-ospedalizzazioni\/"},"modified":"2022-09-08T13:47:52","modified_gmt":"2022-09-08T11:47:52","slug":"covid-in-sicilia-continuano-a-calare-i-contagi-e-le-ospedalizzazioni","status":"publish","type":"post","link":"https:\/\/www.messinaoggi.it\/website\/2022\/09\/08\/covid-in-sicilia-continuano-a-calare-i-contagi-e-le-ospedalizzazioni\/","title":{"rendered":"Covid, in Sicilia continuano a calare i contagi e le ospedalizzazioni"},"content":{"rendered":"<div>\n<p>PALERMO (ITALPRESS) \u2013 Nella settimana dal 29 agosto al 4 settembre continuano a calare i contagi in Sicilia, con un\u2019incidenza pari a 8501 (-21%). Il tasso di nuovi positivi pi\u00f9 elevato rispetto alla media regionale si \u00e8 registrato nelle province di Messina (254\/100.000 abitanti), Ragusa (199\/100.000) e Siracusa (198\/100.000). Le fasce d\u2019et\u00e0 maggiormente a rischio risultano quelle tra i 70 ed i 79 anni (238\/100.000 abitanti) e tra i 60 e i 69 anni (236\/100.000). Anche le nuove ospedalizzazioni sono in lieve diminuzione. E\u2019 quanto emerge dal bollettino settimanale Dasoe inviato dalla Regione Siciliana, in merito all\u2019epidemia Covid sul territorio regionale.<br \/>I dati relativi alla campagna vaccinale fanno riferimento alla settimana dal 31 agosto al 6 settembre. Nella fascia d\u2019et\u00e0 5-11 anni, i vaccinati con almeno una dose si attestano al 26,22% del target regionale. Hanno completato il ciclo primario 69.497 bambini, pari al 22,55% del target.<br \/>Gli over 12 vaccinati con almeno una dose si attestano al 90,73% del target regionale, mentre la percentuale di quanti hanno completato il ciclo primario \u00e8 dell\u2019 89,41%.<br \/>I vaccinati con dose terza dose (booster) sono 2.761.672 pari                 al 72,29% degli aventi diritto.<br \/>Dal primo marzo \u00e8 iniziata la somministrazione della quarta dose nei soggetti over 12 con marcata compromissione della risposta immunitaria e dal 13 luglio la vaccinazione \u00e8 stata estesa agli over 60 e alle persone ad elevata fragilit\u00e0 over 12, purch\u00e8 sia trascorso un intervallo minimo di almeno 120 giorni dalla terza dose o dall\u2019ultima infezione successiva al richiamo (data del test diagnostico positivo). In particolare, dal primo marzo sono state effettuate complessivamente 103.070 somministrazioni della quarta dose, di cui 99.815 a soggetti over 60.<br \/>foto mappa ufficio stampa Dasoe Regione siciliana<br \/>(ITALPRESS).<div id=\"div-gpt-ad-Messinaoggi.it-DSK-300x250-corpoart\" style=\"text-align:center;margin:0 auto;\"><\/div><\/p>\n<\/div>\n<div id=\"videoincontent\" style=\"clear:both\";><\/div>","protected":false},"excerpt":{"rendered":"<p>PALERMO (ITALPRESS) \u2013 Nella settimana dal 29 agosto al 4 settembre continuano a calare i contagi in Sicilia, con un\u2019incidenza pari a 8501 (-21%). Il tasso di nuovi positivi pi\u00f9 elevato rispetto alla media regionale si \u00e8 registrato nelle province di Messina (254\/100.000 abitanti), Ragusa (199\/100.000) e Siracusa (198\/100.000). Le fasce d\u2019et\u00e0 maggiormente a rischio [&hellip;]<\/p>\n","protected":false},"author":18,"featured_media":120821,"comment_status":"closed","ping_status":"closed","sticky":false,"template":"","format":"standard","meta":{"ub_ctt_via":"","_mi_skip_tracking":false},"categories":[2449],"tags":[783],"featured_image_src":"https:\/\/www.messinaoggi.it\/website\/wp-content\/uploads\/2022\/09\/20220908_0558.jpg","author_info":{"display_name":"Admin","author_link":"https:\/\/www.messinaoggi.it\/website\/author\/admin\/"},"digistream_id":0,"digistream":false,"_links":{"self":[{"href":"https:\/\/www.messinaoggi.it\/website\/wp-json\/wp\/v2\/posts\/120820"}],"collection":[{"href":"https:\/\/www.messinaoggi.it\/website\/wp-json\/wp\/v2\/posts"}],"about":[{"href":"https:\/\/www.messinaoggi.it\/website\/wp-json\/wp\/v2\/types\/post"}],"author":[{"embeddable":true,"href":"https:\/\/www.messinaoggi.it\/website\/wp-json\/wp\/v2\/users\/18"}],"replies":[{"embeddable":true,"href":"https:\/\/www.messinaoggi.it\/website\/wp-json\/wp\/v2\/comments?post=120820"}],"version-history":[{"count":0,"href":"https:\/\/www.messinaoggi.it\/website\/wp-json\/wp\/v2\/posts\/120820\/revisions"}],"wp:featuredmedia":[{"embeddable":true,"href":"https:\/\/www.messinaoggi.it\/website\/wp-json\/wp\/v2\/media\/120821"}],"wp:attachment":[{"href":"https:\/\/www.messinaoggi.it\/website\/wp-json\/wp\/v2\/media?parent=120820"}],"wp:term":[{"taxonomy":"category","embeddable":true,"href":"https:\/\/www.messinaoggi.it\/website\/wp-json\/wp\/v2\/categories?post=120820"},{"taxonomy":"post_tag","embeddable":true,"href":"https:\/\/www.messinaoggi.it\/website\/wp-json\/wp\/v2\/tags?post=120820"}],"curies":[{"name":"wp","href":"https:\/\/api.w.org\/{rel}","templated":true}]}}