{"id":12079,"date":"2017-11-28T13:06:35","date_gmt":"2017-11-28T12:06:35","guid":{"rendered":"http:\/\/www.messinaoggi.it\/website\/?p=12079"},"modified":"2017-11-28T13:06:35","modified_gmt":"2017-11-28T12:06:35","slug":"luigi-genovese-profondo-rispetto-per-la-magistratura","status":"publish","type":"post","link":"https:\/\/www.messinaoggi.it\/website\/2017\/11\/28\/luigi-genovese-profondo-rispetto-per-la-magistratura\/","title":{"rendered":"Luigi Genovese: &quot;Profondo rispetto per la magistratura&quot;"},"content":{"rendered":"<p>&#8220;Non sono stati certo giorni semplici, questi ultimi. Ho letto pi\u00f9 volte le 179 pagine che mi sono state consegnate la mattina del 23 novembre; pagine che mi vedono al centro di un\u2019indagine preliminare che \u00e8 arrivata in un momento fondamentale della mia vita, a poco pi\u00f9 di due settimane dall\u2019esito del voto che mi ha consegnato l\u2019onere e l\u2019onore di dover rappresentare la mia citt\u00e0 e la mia provincia all\u2019interno dell\u2019Assemblea Regionale Siciliana. Sul procedimento in corso, mi preme solo ribadire quanto gi\u00e0 dichiarato a caldo: nutro profondo rispetto nei confronti della magistratura. Un rispetto non di circostanza o retorico, ma granitico e sincero, di chi fa della giustizia un caposaldo della propria vita&#8221;.\u00a0 Cos\u00ec Luigi Genovese in una nota stampa diramata nella tarda mattinata.<br \/>\n&#8220;Da studente, prossimo al conseguimento di una laurea in giurisprudenza, per\u00f2, avverto la necessit\u00e0 di sottolineare con forza che ogni parola ha un senso e che l\u2019utilizzo delle parole non \u00e8 mai banale, soprattutto quando si affrontano articolati temi giuridici. Perch\u00e9 c\u2019\u00e8 una differenza netta tra un indagato ed un imputato, o tra un imputato e un condannato, o tra una sentenza di primo grado e una condanna definitiva. Eppure, nel tritacarne mediatico, spesso intriso di moralismo, le parole vengono impropriamente utilizzate come fossero sinonimi. Puntualmente, la gogna riprende forza e vigore, il pi\u00f9 delle volte senza considerare il peso specifico delle diverse fasi in cui si articola un procedimento in corso.<br \/>\nDalla lettura di quel provvedimento ho maturato la piena consapevolezza della mia assoluta estraneit\u00e0 rispetto all\u2019interpretazione data alle vicende trattate dai magistrati e dal giudice per le indagini preliminari. Con serenit\u00e0, ritengo che non siano state valutate a dovere alcune situazioni, per cui sono certo che il seguito dello sviluppo istruttorio chiarir\u00e0 ogni aspetto e mi restituir\u00e0 la piena onorabilit\u00e0. In tal senso, non nutro alcun dubbio: piuttosto, il mio dispiacere \u00e8 legato alla consapevolezza dei tempi prevedibilmente lunghi che mi separano dal giorno in cui questa vicenda sar\u00e0 definitivamente chiusa.<br \/>\nVi chiederete perch\u00e9 ho scelto di non rispondere oggi alle domande degli inquirenti. La decisione non \u00e8 stata facile ma, alla fine, dopo un confronto con il mio legale, ho ritenuto pi\u00f9 utile affidare gli argomenti a mia difesa ad uno scritto che sar\u00e0, quanto prima, depositato con i necessari documenti a sostegno.<br \/>\nQuel giorno &#8211; dicevo &#8211; arriver\u00e0, ma di certo, alla inversione di direzione, non verr\u00e0 riservato uno spazio proporzionale ai fiumi di inchiostro e di parole che si sono sprecati in questi giorni. Non pretendo tanto, come non pretendo le scuse di chi si fregava le mani in attesa che l\u2019\u201dEnfant Prodige\u201d \u2013 come mi definisce in tono sarcastico qualcuno &#8211; venisse azzoppato da un\u2019inchiesta giudiziaria che ha rinvigorito i filosofi dell\u2019impresentabilit\u00e0, i nostalgici delle \u201cliste di proscrizione\u201d, quelli che oggi brindano alle disgrazie altrui e recitano come un mantra la frase \u201cnoi ve l\u2019avevamo detto\u201d<br \/>\nA chi alimenta strumentalmente il circo delle allusioni e la girandola delle illazioni non ho nulla da dire oggi e non avr\u00f2 nulla da dire in futuro.<br \/>\nL\u2019unico augurio che posso fare a me stesso, alla mia isola ed al mio paese \u00e8 che, quando questa vicenda verr\u00e0 definitivamente chiusa rivelandosi infondata, il mio caso possa essere oggetto di una profonda riflessione, che vada oltre la dimensione politica e sia da stimolo per l\u2019opinione pubblica.<br \/>\nIn attesa che ci\u00f2 accada, assicuro che quello che sono stato chiamato a rappresentare all\u2019interno del Parlamento pi\u00f9 antico d\u2019Europa \u00e8 un ruolo che interpreter\u00f2 nel pieno rispetto delle regole, senza tradire le aspettative di legalit\u00e0 e diligenza dei tanti che, sostenendomi, hanno riposto in me piena fiducia&#8221;.<div id=\"div-gpt-ad-Messinaoggi.it-DSK-300x250-corpoart\" style=\"text-align:center;margin:0 auto;\"><\/div><\/p>\n<div id=\"videoincontent\" style=\"clear:both\";><\/div>","protected":false},"excerpt":{"rendered":"<p>&#8220;Non sono stati certo giorni semplici, questi ultimi. Ho letto pi\u00f9 volte le 179 pagine che mi sono state consegnate la mattina del 23 novembre; pagine che mi vedono al centro di un\u2019indagine preliminare che \u00e8 arrivata in un momento fondamentale della mia vita, a poco pi\u00f9 di due settimane dall\u2019esito del voto che mi [&hellip;]<\/p>\n","protected":false},"author":2,"featured_media":11038,"comment_status":"closed","ping_status":"open","sticky":false,"template":"","format":"standard","meta":{"ub_ctt_via":"","_mi_skip_tracking":false},"categories":[6],"tags":[],"featured_image_src":"https:\/\/www.messinaoggi.it\/website\/wp-content\/uploads\/2017\/11\/genovese-luiginoRRP_4218.jpg","author_info":{"display_name":"Redazione","author_link":"https:\/\/www.messinaoggi.it\/website\/author\/redazione\/"},"digistream_id":0,"digistream":false,"_links":{"self":[{"href":"https:\/\/www.messinaoggi.it\/website\/wp-json\/wp\/v2\/posts\/12079"}],"collection":[{"href":"https:\/\/www.messinaoggi.it\/website\/wp-json\/wp\/v2\/posts"}],"about":[{"href":"https:\/\/www.messinaoggi.it\/website\/wp-json\/wp\/v2\/types\/post"}],"author":[{"embeddable":true,"href":"https:\/\/www.messinaoggi.it\/website\/wp-json\/wp\/v2\/users\/2"}],"replies":[{"embeddable":true,"href":"https:\/\/www.messinaoggi.it\/website\/wp-json\/wp\/v2\/comments?post=12079"}],"version-history":[{"count":0,"href":"https:\/\/www.messinaoggi.it\/website\/wp-json\/wp\/v2\/posts\/12079\/revisions"}],"wp:featuredmedia":[{"embeddable":true,"href":"https:\/\/www.messinaoggi.it\/website\/wp-json\/wp\/v2\/media\/11038"}],"wp:attachment":[{"href":"https:\/\/www.messinaoggi.it\/website\/wp-json\/wp\/v2\/media?parent=12079"}],"wp:term":[{"taxonomy":"category","embeddable":true,"href":"https:\/\/www.messinaoggi.it\/website\/wp-json\/wp\/v2\/categories?post=12079"},{"taxonomy":"post_tag","embeddable":true,"href":"https:\/\/www.messinaoggi.it\/website\/wp-json\/wp\/v2\/tags?post=12079"}],"curies":[{"name":"wp","href":"https:\/\/api.w.org\/{rel}","templated":true}]}}