{"id":12076,"date":"2017-11-28T11:52:33","date_gmt":"2017-11-28T10:52:33","guid":{"rendered":"http:\/\/www.messinaoggi.it\/website\/?p=12076"},"modified":"2017-11-28T11:52:33","modified_gmt":"2017-11-28T10:52:33","slug":"luigi-genovese-si-e-avvalso-della-facolta-di-non-rispondere","status":"publish","type":"post","link":"https:\/\/www.messinaoggi.it\/website\/2017\/11\/28\/luigi-genovese-si-e-avvalso-della-facolta-di-non-rispondere\/","title":{"rendered":"Luigi Genovese si \u00e8 avvalso della facolt\u00e0 di non rispondere"},"content":{"rendered":"<p>Si \u00e8 avvalso della facolt\u00e0 di non rispondere Luigi Genovese, indagato per riciclaggio e sottrazione indebita, nell&#8217;interrogatorio chiesto dalla procura\u00a0nell&#8217;ambito dell&#8217;inchiesta che ha portato al sequestro del tesoro di famiglia.<br \/>\nPer questa mattina erano stati convocati dal procuratore aggiunto Sebastiano Ardita e dai sostituti Fabrizio Monaco e Antonio Carchietti, oltre al figlio di Francantonio Genovese, anche la sorella del giovane politico, Rosalia, e il cugino Marco Lampuri.<br \/>\n&#8220;Tutti e tre gli indagati hanno deciso di avvalersi della facolt\u00e0 di non rispondere &#8211;\u00a0 ha detto l&#8217;avvocato Nino Favazzo uscendo dal palazzo di giustizia &#8211; \u00e8 un loro diritto in attesa di poter avere una contezza maggiore sulle accuse che a loro vengono mosse al di l\u00e0 della lettura del solo provvedimento.<br \/>\nAbbiamo bisogno di vedere pi\u00f9 approfonditamente quali sono gli elementi di accusa e lo vedremo nei prossimi giorni&#8221;.<div id=\"div-gpt-ad-Messinaoggi.it-DSK-300x250-corpoart\" style=\"text-align:center;margin:0 auto;\"><\/div><\/p>\n<div id=\"videoincontent\" style=\"clear:both\";><\/div>","protected":false},"excerpt":{"rendered":"<p>Si \u00e8 avvalso della facolt\u00e0 di non rispondere Luigi Genovese, indagato per riciclaggio e sottrazione indebita, nell&#8217;interrogatorio chiesto dalla procura\u00a0nell&#8217;ambito dell&#8217;inchiesta che ha portato al sequestro del tesoro di famiglia. Per questa mattina erano stati convocati dal procuratore aggiunto Sebastiano Ardita e dai sostituti Fabrizio Monaco e Antonio Carchietti, oltre al figlio di Francantonio Genovese, [&hellip;]<\/p>\n","protected":false},"author":2,"featured_media":12089,"comment_status":"closed","ping_status":"open","sticky":false,"template":"","format":"standard","meta":{"ub_ctt_via":"","_mi_skip_tracking":false},"categories":[6],"tags":[],"featured_image_src":"https:\/\/www.messinaoggi.it\/website\/wp-content\/uploads\/2017\/11\/PAPA_7324C.jpg","author_info":{"display_name":"Redazione","author_link":"https:\/\/www.messinaoggi.it\/website\/author\/redazione\/"},"digistream_id":0,"digistream":false,"_links":{"self":[{"href":"https:\/\/www.messinaoggi.it\/website\/wp-json\/wp\/v2\/posts\/12076"}],"collection":[{"href":"https:\/\/www.messinaoggi.it\/website\/wp-json\/wp\/v2\/posts"}],"about":[{"href":"https:\/\/www.messinaoggi.it\/website\/wp-json\/wp\/v2\/types\/post"}],"author":[{"embeddable":true,"href":"https:\/\/www.messinaoggi.it\/website\/wp-json\/wp\/v2\/users\/2"}],"replies":[{"embeddable":true,"href":"https:\/\/www.messinaoggi.it\/website\/wp-json\/wp\/v2\/comments?post=12076"}],"version-history":[{"count":0,"href":"https:\/\/www.messinaoggi.it\/website\/wp-json\/wp\/v2\/posts\/12076\/revisions"}],"wp:featuredmedia":[{"embeddable":true,"href":"https:\/\/www.messinaoggi.it\/website\/wp-json\/wp\/v2\/media\/12089"}],"wp:attachment":[{"href":"https:\/\/www.messinaoggi.it\/website\/wp-json\/wp\/v2\/media?parent=12076"}],"wp:term":[{"taxonomy":"category","embeddable":true,"href":"https:\/\/www.messinaoggi.it\/website\/wp-json\/wp\/v2\/categories?post=12076"},{"taxonomy":"post_tag","embeddable":true,"href":"https:\/\/www.messinaoggi.it\/website\/wp-json\/wp\/v2\/tags?post=12076"}],"curies":[{"name":"wp","href":"https:\/\/api.w.org\/{rel}","templated":true}]}}