{"id":120751,"date":"2022-09-08T06:01:14","date_gmt":"2022-09-08T04:01:14","guid":{"rendered":"http:\/\/www.messinaoggi.it\/website\/?p=120751"},"modified":"2022-09-08T06:01:43","modified_gmt":"2022-09-08T04:01:43","slug":"accoltella-la-zia-e-le-stacca-un-dito-fermato-con-il-taser","status":"publish","type":"post","link":"https:\/\/www.messinaoggi.it\/website\/2022\/09\/08\/accoltella-la-zia-e-le-stacca-un-dito-fermato-con-il-taser\/","title":{"rendered":"Accoltella la zia e le stacca un dito: fermato con il taser"},"content":{"rendered":"\n<p>Un uomo di 52 anni con problemi psichici ha ferito la zia con un coltello da caccia lungo 40 centimetri, colpendola in pi\u00f9 parti del corpo e tagliandole un dito della mano destra. Il fatto \u00e8 avvenuto ieri pomeriggio a Furnari. I due erano in un negozio. Quindi l&#8217;uomo \u00e8 scappato. Dopo qualche ora \u00e8 stato individuato dai carabinieri in aperta campagna: era ancora armato e, alla vista dei militari, andando in escandescenze ha scagliato il coltello contro di loro, costringendoli all&#8217;uso del taser. E&#8217; stato arrestato e portato nel carcere di Barcellona Pozzo di Gotto.<div id=\"div-gpt-ad-Messinaoggi.it-DSK-300x250-corpoart\" style=\"text-align:center;margin:0 auto;\"><\/div><\/p>\n<div id=\"videoincontent\" style=\"clear:both\";><\/div>","protected":false},"excerpt":{"rendered":"<p>Un uomo di 52 anni con problemi psichici ha ferito la zia con un coltello da caccia lungo 40 centimetri, colpendola in pi\u00f9 parti del corpo e tagliandole un dito della mano destra. Il fatto \u00e8 avvenuto ieri pomeriggio a Furnari. I due erano in un negozio. Quindi l&#8217;uomo \u00e8 scappato. Dopo qualche ora \u00e8 [&hellip;]<\/p>\n","protected":false},"author":4,"featured_media":71923,"comment_status":"open","ping_status":"open","sticky":false,"template":"","format":"standard","meta":{"ub_ctt_via":"","_mi_skip_tracking":false},"categories":[19],"tags":[3331],"featured_image_src":"https:\/\/www.messinaoggi.it\/website\/wp-content\/uploads\/2021\/07\/CARABINIERI-4.jpg","author_info":{"display_name":"redme","author_link":"https:\/\/www.messinaoggi.it\/website\/author\/redme\/"},"digistream_id":0,"digistream":false,"_links":{"self":[{"href":"https:\/\/www.messinaoggi.it\/website\/wp-json\/wp\/v2\/posts\/120751"}],"collection":[{"href":"https:\/\/www.messinaoggi.it\/website\/wp-json\/wp\/v2\/posts"}],"about":[{"href":"https:\/\/www.messinaoggi.it\/website\/wp-json\/wp\/v2\/types\/post"}],"author":[{"embeddable":true,"href":"https:\/\/www.messinaoggi.it\/website\/wp-json\/wp\/v2\/users\/4"}],"replies":[{"embeddable":true,"href":"https:\/\/www.messinaoggi.it\/website\/wp-json\/wp\/v2\/comments?post=120751"}],"version-history":[{"count":1,"href":"https:\/\/www.messinaoggi.it\/website\/wp-json\/wp\/v2\/posts\/120751\/revisions"}],"predecessor-version":[{"id":120752,"href":"https:\/\/www.messinaoggi.it\/website\/wp-json\/wp\/v2\/posts\/120751\/revisions\/120752"}],"wp:featuredmedia":[{"embeddable":true,"href":"https:\/\/www.messinaoggi.it\/website\/wp-json\/wp\/v2\/media\/71923"}],"wp:attachment":[{"href":"https:\/\/www.messinaoggi.it\/website\/wp-json\/wp\/v2\/media?parent=120751"}],"wp:term":[{"taxonomy":"category","embeddable":true,"href":"https:\/\/www.messinaoggi.it\/website\/wp-json\/wp\/v2\/categories?post=120751"},{"taxonomy":"post_tag","embeddable":true,"href":"https:\/\/www.messinaoggi.it\/website\/wp-json\/wp\/v2\/tags?post=120751"}],"curies":[{"name":"wp","href":"https:\/\/api.w.org\/{rel}","templated":true}]}}