{"id":12068,"date":"2017-11-28T09:24:50","date_gmt":"2017-11-28T08:24:50","guid":{"rendered":"http:\/\/www.messinaoggi.it\/website\/?p=12068"},"modified":"2017-11-28T09:24:50","modified_gmt":"2017-11-28T08:24:50","slug":"bonifica-del-torrente-annunziata-provvedimenti-viari-del-comune","status":"publish","type":"post","link":"https:\/\/www.messinaoggi.it\/website\/2017\/11\/28\/bonifica-del-torrente-annunziata-provvedimenti-viari-del-comune\/","title":{"rendered":"Bonifica del torrente Annunziata, provvedimenti viari del Comune"},"content":{"rendered":"<div class=\"comunicato-testo\">\n<div class=\"pf-content\">Nell\u2019ambito dei lavori di bonifica del torrente Annunziata, il dipartimento comunale Mobilit\u00e0 Urbana e Viabilit\u00e0 ha adottato limitazioni viarie. Domani e gioved\u00ec, dalle ore 7 alle 15, viger\u00e0 il divieto di soste 0-24, con rimozione coatta, in via del Fante, nel tratto compreso tra la farmacia &#8220;Pandolfo&#8221; e la via Leonardi.<\/div>\n<div><\/div>\n<div class=\"pf-content\">Il provvedimento riguarder\u00e0 il viale Annunziata, carreggiata direzione mare-monte, nel tratto tra le vie Leonardi e Roma.<\/div>\n<\/div>\n<div class=\"pdf-comunicato\"><\/div>\n<div id=\"div-gpt-ad-Messinaoggi.it-DSK-300x250-corpoart\" style=\"text-align:center;margin:0 auto;\"><\/div><\/p><div id=\"videoincontent\" style=\"clear:both\";><\/div>","protected":false},"excerpt":{"rendered":"<p>Nell\u2019ambito dei lavori di bonifica del torrente Annunziata, il dipartimento comunale Mobilit\u00e0 Urbana e Viabilit\u00e0 ha adottato limitazioni viarie. Domani e gioved\u00ec, dalle ore 7 alle 15, viger\u00e0 il divieto di soste 0-24, con rimozione coatta, in via del Fante, nel tratto compreso tra la farmacia &#8220;Pandolfo&#8221; e la via Leonardi. Il provvedimento riguarder\u00e0 il [&hellip;]<\/p>\n","protected":false},"author":2,"featured_media":9085,"comment_status":"closed","ping_status":"open","sticky":false,"template":"","format":"standard","meta":{"ub_ctt_via":"","_mi_skip_tracking":false},"categories":[5],"tags":[],"featured_image_src":"https:\/\/www.messinaoggi.it\/website\/wp-content\/uploads\/2017\/10\/IMG_1780.jpg","author_info":{"display_name":"Redazione","author_link":"https:\/\/www.messinaoggi.it\/website\/author\/redazione\/"},"digistream_id":0,"digistream":false,"_links":{"self":[{"href":"https:\/\/www.messinaoggi.it\/website\/wp-json\/wp\/v2\/posts\/12068"}],"collection":[{"href":"https:\/\/www.messinaoggi.it\/website\/wp-json\/wp\/v2\/posts"}],"about":[{"href":"https:\/\/www.messinaoggi.it\/website\/wp-json\/wp\/v2\/types\/post"}],"author":[{"embeddable":true,"href":"https:\/\/www.messinaoggi.it\/website\/wp-json\/wp\/v2\/users\/2"}],"replies":[{"embeddable":true,"href":"https:\/\/www.messinaoggi.it\/website\/wp-json\/wp\/v2\/comments?post=12068"}],"version-history":[{"count":0,"href":"https:\/\/www.messinaoggi.it\/website\/wp-json\/wp\/v2\/posts\/12068\/revisions"}],"wp:featuredmedia":[{"embeddable":true,"href":"https:\/\/www.messinaoggi.it\/website\/wp-json\/wp\/v2\/media\/9085"}],"wp:attachment":[{"href":"https:\/\/www.messinaoggi.it\/website\/wp-json\/wp\/v2\/media?parent=12068"}],"wp:term":[{"taxonomy":"category","embeddable":true,"href":"https:\/\/www.messinaoggi.it\/website\/wp-json\/wp\/v2\/categories?post=12068"},{"taxonomy":"post_tag","embeddable":true,"href":"https:\/\/www.messinaoggi.it\/website\/wp-json\/wp\/v2\/tags?post=12068"}],"curies":[{"name":"wp","href":"https:\/\/api.w.org\/{rel}","templated":true}]}}