{"id":120669,"date":"2022-09-07T14:47:52","date_gmt":"2022-09-07T12:47:52","guid":{"rendered":"https:\/\/www.messinaoggi.it\/website\/2022\/09\/07\/regionali-sicilia-appello-del-rettore-di-palermo-piu-attenzione-al-policlinico-pronti-a-protestare\/"},"modified":"2022-09-07T14:47:52","modified_gmt":"2022-09-07T12:47:52","slug":"regionali-sicilia-appello-del-rettore-di-palermo-piu-attenzione-al-policlinico-pronti-a-protestare","status":"publish","type":"post","link":"https:\/\/www.messinaoggi.it\/website\/2022\/09\/07\/regionali-sicilia-appello-del-rettore-di-palermo-piu-attenzione-al-policlinico-pronti-a-protestare\/","title":{"rendered":"Regionali Sicilia, appello del Rettore di Palermo \u201cPi\u00f9 attenzione al Policlinico, pronti a protestare\u201d"},"content":{"rendered":"<div>\n<p>PALERMO (ITALPRESS) \u2013 \u201cVoglio lanciare a tutti i candidati alla presidenza della Regione l\u2019appello di prendere a cuore la questione del Policlinico universitario, che ancora oggi purtroppo vedo considerato come un ospedale di provincia: la mancanza di attenzione in questi anni e le mancate azioni di governo hanno danneggiato la struttura. Se non riceveremo le dovute risposte nei prossimi mesi inizieremo un\u2019azione di protesta quotidiana\u201d. E\u2019 una richiesta di aiuto cui fa seguito una promessa decisa quella del rettore dell\u2019Universit\u00e0 di Palermo, Massimo Midiri, che lamenta da un lato una gestione poco oculata nel corso di questi anni e dall\u2019altro la sparizione del Policlinico dai temi della campagna elettorale nella corsa a Palazzo d\u2019Orleans.<br \/>Il rischio, secondo il numero uno dell\u2019Ateneo palermitano, \u00e8 che a pagare il prezzo pi\u00f9 alto siano gli studenti, nei confronti dei quali la mancanza di investimenti rischia di danneggiare il processo formativo: \u201cLa revisione dei posti letto e la riprogrammazione degli ospedali legata al Covid ha rimodulato in maniera netta l\u2019attivit\u00e0 degli specializzandi \u2013 spiega Midiri all\u2019Italpress -. Non ci possiamo permettere che la loro esperienza in Medicina si concluda con la minima carenza: oggi stiamo combattendo il Covid, domani potremmo avere sfide altrettanto importanti. Allo stesso modo ci sono altri soggetti cui il Policlinico deve garantire una formazione adeguata, come tecnici e operatori sanitari, che si sono trovati a lavorare in situazioni disastrose\u201d. <br \/>Per sbrogliare la situazione il Rettore evidenzia come servano \u201cparticolare impegno e significativi investimenti, in quanto gli elevati livelli di assistenza e di organizzazione richiesta non sono soltanto funzionali all\u2019efficienza del Servizio sanitario nazionale, ma rappresentano un\u2019indispensabile proiezione sul futuro. Purtroppo negli ultimi anni tale specificit\u00e0 non \u00e8 stata adeguatamente colta dalla Regione in riferimento al Policlinico\u201d.<br \/>Midiri si sofferma anche sulla presenza quasi ininterrotta negli ultimi quindici anni di un commissario straordinario nel ruolo di reggente: \u201cNulla da dire all\u2019operato dell\u2019ingegnere Caltagirone, che ha fatto un ottimo lavoro, ma \u00e8 grave che uno dei due ospedali di secondo livello della provincia di Palermo (l\u2019altro \u00e8 il Civico, ndr) sia gestito a tempo definito perch\u00e8 chi se ne occupa \u00e8 responsabile al contempo dell\u2019Asp di Caltanissetta\u201d. In pi\u00f9, aggiunge Midiri, \u201cl\u2019azienda \u00e8 da mesi priva di un direttore amministrativo, di un provveditore, in ritardo sulla consegna di strutture sanitarie fondamentali quali l\u2019area di emergenza, sale operatorie, ambulatori e sull\u2019attuazione della programmazione triennale delle assunzioni, in difficolt\u00e0 nell\u2019attuazione di tanti percorsi sanitari che vengono perseguiti e raggiunti con grande sacrificio dal personale docente, sanitario, amministrativo. Alla politica chiedo una figura che stia attenta h24 e per cinque giorni a settimana alla situazione del Policlinico: aspetteremo alcuni mesi perch\u00e8 il nuovo governo regionale e nazionale possa consolidarsi, ma se non riscontreremo risposte adeguate avvieremo una serie di manifestazioni per far capire che la situazione non \u00e8 pi\u00f9 accettabile\u201d.<br \/>Un\u2019altra questione su cui focalizza l\u2019attenzione Midiri \u00e8 l\u2019ammodernamento del complesso, in modo da renderlo pi\u00f9 sicuro e pi\u00f9 adeguato alle esigenze degli studenti: \u201cHo riscontrato una certa asimmetria tra i lavori svolti in Sicilia orientale e quelli in Sicilia occidentale: qui ancora molte strutture non sono state completate, penso soprattutto al padiglione di chirurgia o al pronto soccorso. La nostra idea \u00e8 di rifunzionalizzare il vecchio Policlinico sotto una logica di campus universitario e creare una struttura ospedaliera attaccata all\u2019area universitaria, ma senza le risposte adeguate siamo ancora ben lontani\u201d. Ad aggravare la situazione \u00e8 secondo il rettore la mancata redistribuzione dei fondi congelati dalla Regione per il progetto, poi tramontato, del Policivico: \u201cStiamo parlando di 300 milioni fermi da oltre dieci anni e in attesa di essere divisi tra Policlinico e Civico: io vorrei arrivare alla fine del mandato avendo fatto qualcosa per studenti e pazienti, ma le pastoie burocratiche in cui continuiamo a impantanarci rischiano di spingere le persone a curarsi fuori dalla Sicilia\u201d.<br \/>Per il preside della scuola di Medicina, Marcello Ciaccio, il rischio maggiore, senza investimenti, \u00e8 che si allarghi il gap con le altre universit\u00e0: \u201cSe non garantiamo un\u2019innovazione tecnologica di livello al Policlinico rischiamo di rimanere indietro e di non formare medici di qualit\u00e0. In quanto a formazione e ricerca non siamo secondi a nessuno, ma serve un supporto adeguato delle forze politiche e in questi anni \u00e8 mancato\u201d. Ciaccio evidenzia poi i danni provocati dal Covid alle attivit\u00e0 degli specializzandi: \u201cI posti letto nei reparti erano ridimensionati, le 38 ore settimanali non erano garantite, in alcuni settori ai ragazzi non \u00e8 stato concesso svolgere attivit\u00e0 assistenziale: lo so che \u00e8 successo anche negli altri ospedali italiani, ma i primi a rimetterci sono i futuri medici\u201d.<br \/>(ITALPRESS).<div id=\"div-gpt-ad-Messinaoggi.it-DSK-300x250-corpoart\" style=\"text-align:center;margin:0 auto;\"><\/div><\/p>\n<\/div>\n<div id=\"videoincontent\" style=\"clear:both\";><\/div>","protected":false},"excerpt":{"rendered":"<p>PALERMO (ITALPRESS) \u2013 \u201cVoglio lanciare a tutti i candidati alla presidenza della Regione l\u2019appello di prendere a cuore la questione del Policlinico universitario, che ancora oggi purtroppo vedo considerato come un ospedale di provincia: la mancanza di attenzione in questi anni e le mancate azioni di governo hanno danneggiato la struttura. Se non riceveremo le [&hellip;]<\/p>\n","protected":false},"author":18,"featured_media":120670,"comment_status":"closed","ping_status":"closed","sticky":false,"template":"","format":"standard","meta":{"ub_ctt_via":"","_mi_skip_tracking":false},"categories":[2449],"tags":[783],"featured_image_src":"https:\/\/www.messinaoggi.it\/website\/wp-content\/uploads\/2022\/09\/20220907_0896.jpg","author_info":{"display_name":"Admin","author_link":"https:\/\/www.messinaoggi.it\/website\/author\/admin\/"},"digistream_id":0,"digistream":false,"_links":{"self":[{"href":"https:\/\/www.messinaoggi.it\/website\/wp-json\/wp\/v2\/posts\/120669"}],"collection":[{"href":"https:\/\/www.messinaoggi.it\/website\/wp-json\/wp\/v2\/posts"}],"about":[{"href":"https:\/\/www.messinaoggi.it\/website\/wp-json\/wp\/v2\/types\/post"}],"author":[{"embeddable":true,"href":"https:\/\/www.messinaoggi.it\/website\/wp-json\/wp\/v2\/users\/18"}],"replies":[{"embeddable":true,"href":"https:\/\/www.messinaoggi.it\/website\/wp-json\/wp\/v2\/comments?post=120669"}],"version-history":[{"count":0,"href":"https:\/\/www.messinaoggi.it\/website\/wp-json\/wp\/v2\/posts\/120669\/revisions"}],"wp:featuredmedia":[{"embeddable":true,"href":"https:\/\/www.messinaoggi.it\/website\/wp-json\/wp\/v2\/media\/120670"}],"wp:attachment":[{"href":"https:\/\/www.messinaoggi.it\/website\/wp-json\/wp\/v2\/media?parent=120669"}],"wp:term":[{"taxonomy":"category","embeddable":true,"href":"https:\/\/www.messinaoggi.it\/website\/wp-json\/wp\/v2\/categories?post=120669"},{"taxonomy":"post_tag","embeddable":true,"href":"https:\/\/www.messinaoggi.it\/website\/wp-json\/wp\/v2\/tags?post=120669"}],"curies":[{"name":"wp","href":"https:\/\/api.w.org\/{rel}","templated":true}]}}