{"id":120667,"date":"2022-09-07T14:07:51","date_gmt":"2022-09-07T12:07:51","guid":{"rendered":"https:\/\/www.messinaoggi.it\/website\/2022\/09\/07\/per-gli-italiani-inflazione-e-caro-energia-priorita-del-nuovo-governo\/"},"modified":"2022-09-07T14:07:51","modified_gmt":"2022-09-07T12:07:51","slug":"per-gli-italiani-inflazione-e-caro-energia-priorita-del-nuovo-governo","status":"publish","type":"post","link":"https:\/\/www.messinaoggi.it\/website\/2022\/09\/07\/per-gli-italiani-inflazione-e-caro-energia-priorita-del-nuovo-governo\/","title":{"rendered":"Per gli italiani inflazione e caro-energia priorit\u00e0 del nuovo Governo"},"content":{"rendered":"<div>ROMA (ITALPRESS) &#8211; A poco pi\u00f9 di due settimane dal voto, gli italiani iniziano a stilare le proprie priorit\u00e0 ed esigenze e a fare previsioni su quelli che saranno i possibili risultati del prossimo Governo sui temi di maggiore interesse. Dopo due anni di pandemia, l&#8217;Italia si ritrova ad affrontare una nuova crisi scaturita dal conflitto tra Russia e Ucraina e che condiziona la vita dei cittadini. Infatti, ad oggi, gli argomenti sui quali si richiede maggiore impegno e che risultano prioritari riguardano l&#8217;aumento generale dei prezzi (47,4%) e la crisi energetica (45,7%) derivante dalle restrizioni sulle forniture di gas. Non manca poi l&#8217;attenzione al lavoro e all&#8217;occupazione (40,5%), soprattutto nelle aree del Sud. Le prospettive, per\u00f2, non sono delle migliori. <br \/>In media, oltre la met\u00e0 dei cittadini, non crede che il prossimo Governo che uscir\u00e0 dalle urne dopo il 25 settembre riuscir\u00e0 ad ottenere risultati positivi e significativi sulla risoluzione di questi problemi. Gli unici ottimisti sono gli elettori dei tre principali partiti del centrodestra. In questo caso, infatti, prevale la convinzione di un buon operato da parte del prossimo Governo in carica sulle priorit\u00e0 degli italiani.<div id=\"div-gpt-ad-Messinaoggi.it-DSK-300x250-corpoart\" style=\"text-align:center;margin:0 auto;\"><\/div><\/p>\n<p>Dati Euromedia Research per Porta a Porta &#8211; Realizzato il 30\/08\/2022 con metodologia mista CATI\/CAWI su un campione di 800 casi rappresentativi della popolazione italiana maggiorenne <div id=\"videoincontent\" style=\"clear:both\";><\/div><\/p>\n<p>&#8211; foto Euromedia Research &#8211;<br \/>(ITALPRESS).<\/div>\n","protected":false},"excerpt":{"rendered":"<p>ROMA (ITALPRESS) &#8211; A poco pi\u00f9 di due settimane dal voto, gli italiani iniziano a stilare le proprie priorit\u00e0 ed esigenze e a fare previsioni su quelli che saranno i possibili risultati del prossimo Governo sui temi di maggiore interesse. Dopo due anni di pandemia, l&#8217;Italia si ritrova ad affrontare una nuova crisi scaturita dal [&hellip;]<\/p>\n","protected":false},"author":18,"featured_media":120668,"comment_status":"closed","ping_status":"closed","sticky":false,"template":"","format":"standard","meta":{"ub_ctt_via":"","_mi_skip_tracking":false},"categories":[446],"tags":[783],"featured_image_src":"https:\/\/www.messinaoggi.it\/website\/wp-content\/uploads\/2022\/09\/20220907_0661.jpg","author_info":{"display_name":"Admin","author_link":"https:\/\/www.messinaoggi.it\/website\/author\/admin\/"},"digistream_id":0,"digistream":false,"_links":{"self":[{"href":"https:\/\/www.messinaoggi.it\/website\/wp-json\/wp\/v2\/posts\/120667"}],"collection":[{"href":"https:\/\/www.messinaoggi.it\/website\/wp-json\/wp\/v2\/posts"}],"about":[{"href":"https:\/\/www.messinaoggi.it\/website\/wp-json\/wp\/v2\/types\/post"}],"author":[{"embeddable":true,"href":"https:\/\/www.messinaoggi.it\/website\/wp-json\/wp\/v2\/users\/18"}],"replies":[{"embeddable":true,"href":"https:\/\/www.messinaoggi.it\/website\/wp-json\/wp\/v2\/comments?post=120667"}],"version-history":[{"count":0,"href":"https:\/\/www.messinaoggi.it\/website\/wp-json\/wp\/v2\/posts\/120667\/revisions"}],"wp:featuredmedia":[{"embeddable":true,"href":"https:\/\/www.messinaoggi.it\/website\/wp-json\/wp\/v2\/media\/120668"}],"wp:attachment":[{"href":"https:\/\/www.messinaoggi.it\/website\/wp-json\/wp\/v2\/media?parent=120667"}],"wp:term":[{"taxonomy":"category","embeddable":true,"href":"https:\/\/www.messinaoggi.it\/website\/wp-json\/wp\/v2\/categories?post=120667"},{"taxonomy":"post_tag","embeddable":true,"href":"https:\/\/www.messinaoggi.it\/website\/wp-json\/wp\/v2\/tags?post=120667"}],"curies":[{"name":"wp","href":"https:\/\/api.w.org\/{rel}","templated":true}]}}