{"id":120615,"date":"2022-09-07T06:38:01","date_gmt":"2022-09-07T04:38:01","guid":{"rendered":"http:\/\/www.messinaoggi.it\/website\/?p=120615"},"modified":"2022-09-07T06:44:07","modified_gmt":"2022-09-07T04:44:07","slug":"ciak-non-si-gira-il-sindaco-di-lipari-blocca-le-riprese-della-fiction-dopo-lincendio","status":"publish","type":"post","link":"https:\/\/www.messinaoggi.it\/website\/2022\/09\/07\/ciak-non-si-gira-il-sindaco-di-lipari-blocca-le-riprese-della-fiction-dopo-lincendio\/","title":{"rendered":"Ciak non si gira, il sindaco di Lipari blocca le riprese della fiction dopo l&#8217;incendio a Stromboli"},"content":{"rendered":"\n<p>Il sindaco di Lipari, Riccardo Gullo, ha comunicato, ufficialmente, alla societ\u00e0 &#8220;11 Marzo Film&#8221; il perentorio a proseguire le riprese della fiction sulla Protezione civile nell&#8217;isola di Stromboli, interrotte il 25 maggio a seguito dell&#8217;incendio, divampato proprio sul set. &#8220;Stante l&#8217;atteggiamento ostruzionistico, omissivo e non collaborativo ed ascoltate le motivate preoccupazione dei cittadini sull&#8217;intera vicenda &#8211; scrive il sindaco &#8211; si comunica che la vostra richiesta di disponibilit\u00e0 ed autorizzazioni alle riprese non pu\u00f2 essere accolta, salvo gli ulteriori provvedimenti che questa amministrazione si riserva di assumere&#8221;. Alla societ\u00e0 di produzione, il primo cittadino di Lipari ricorda i numerosi solleciti per richiedere il risarcimento danni.<div id=\"div-gpt-ad-Messinaoggi.it-DSK-300x250-corpoart\" style=\"text-align:center;margin:0 auto;\"><\/div><\/p>\n<div id=\"videoincontent\" style=\"clear:both\";><\/div>","protected":false},"excerpt":{"rendered":"<p>Il sindaco di Lipari, Riccardo Gullo, ha comunicato, ufficialmente, alla societ\u00e0 &#8220;11 Marzo Film&#8221; il perentorio a proseguire le riprese della fiction sulla Protezione civile nell&#8217;isola di Stromboli, interrotte il 25 maggio a seguito dell&#8217;incendio, divampato proprio sul set. &#8220;Stante l&#8217;atteggiamento ostruzionistico, omissivo e non collaborativo ed ascoltate le motivate preoccupazione dei cittadini sull&#8217;intera vicenda [&hellip;]<\/p>\n","protected":false},"author":4,"featured_media":109315,"comment_status":"open","ping_status":"open","sticky":false,"template":"","format":"standard","meta":{"ub_ctt_via":"","_mi_skip_tracking":false},"categories":[19],"tags":[80,1621],"featured_image_src":"https:\/\/www.messinaoggi.it\/website\/wp-content\/uploads\/2022\/05\/Stromboli-in-fiamme.jpg","author_info":{"display_name":"redme","author_link":"https:\/\/www.messinaoggi.it\/website\/author\/redme\/"},"digistream_id":0,"digistream":false,"_links":{"self":[{"href":"https:\/\/www.messinaoggi.it\/website\/wp-json\/wp\/v2\/posts\/120615"}],"collection":[{"href":"https:\/\/www.messinaoggi.it\/website\/wp-json\/wp\/v2\/posts"}],"about":[{"href":"https:\/\/www.messinaoggi.it\/website\/wp-json\/wp\/v2\/types\/post"}],"author":[{"embeddable":true,"href":"https:\/\/www.messinaoggi.it\/website\/wp-json\/wp\/v2\/users\/4"}],"replies":[{"embeddable":true,"href":"https:\/\/www.messinaoggi.it\/website\/wp-json\/wp\/v2\/comments?post=120615"}],"version-history":[{"count":2,"href":"https:\/\/www.messinaoggi.it\/website\/wp-json\/wp\/v2\/posts\/120615\/revisions"}],"predecessor-version":[{"id":120617,"href":"https:\/\/www.messinaoggi.it\/website\/wp-json\/wp\/v2\/posts\/120615\/revisions\/120617"}],"wp:featuredmedia":[{"embeddable":true,"href":"https:\/\/www.messinaoggi.it\/website\/wp-json\/wp\/v2\/media\/109315"}],"wp:attachment":[{"href":"https:\/\/www.messinaoggi.it\/website\/wp-json\/wp\/v2\/media?parent=120615"}],"wp:term":[{"taxonomy":"category","embeddable":true,"href":"https:\/\/www.messinaoggi.it\/website\/wp-json\/wp\/v2\/categories?post=120615"},{"taxonomy":"post_tag","embeddable":true,"href":"https:\/\/www.messinaoggi.it\/website\/wp-json\/wp\/v2\/tags?post=120615"}],"curies":[{"name":"wp","href":"https:\/\/api.w.org\/{rel}","templated":true}]}}